{"id":428,"date":"2016-05-26T12:23:08","date_gmt":"2016-05-26T15:23:08","guid":{"rendered":"http:\/\/aladaa.com.ar\/asiayafrica\/?p=428"},"modified":"2016-05-26T12:23:08","modified_gmt":"2016-05-26T15:23:08","slug":"dossier-africa-un-continente-policromatico","status":"publish","type":"post","link":"https:\/\/aladaa.com.ar\/asiayafrica\/dossier-africa-un-continente-policromatico\/","title":{"rendered":"DOSSIER \u00c1FRICA: UN CONTINENTE POLICROM\u00c1TICO"},"content":{"rendered":"<p>DOSSIER \u00c1FRICA: UN CONTINENTE POLICROM\u00c1TICO<\/p>\n<p>El 25 de mayo se celebra en todo el mundo el D\u00eda de \u00c1frica. El origen de esta conmemoraci\u00f3n se remonta al a\u00f1o 1963, cuando treinta y dos l\u00edderes de Estados africanos se reunieron en Addis Abeba, para conformar la Organizaci\u00f3n de la Unidad Africana (OUA) con el objetivo de promover la unidad y la solidaridad de los Estados Africanos y acabar con el\u00a0 colonialismo en el continente. Ese d\u00eda marc\u00f3 una fecha de gran importancia para el continente africano y su gente, puesto que supuso la continuaci\u00f3n de una historia com\u00fan entre pueblos y culturas que estaban dejando atr\u00e1s las cadenas coloniales para ingresar al sistema internacional como pa\u00edses independizados luego de largas luchas.<\/p>\n<p>Desde el Programa de Estudios Am\u00e9rica Latina &#8211; \u00c1frica (PEALA) consideramos que es una conmemoraci\u00f3n invita a repensar el legado hist\u00f3rico africano y a reflexionar\u00a0 sobre los retos y desaf\u00edos que se le plantean a \u00c1frica en el futuro pr\u00f3ximo. Por ello compartimos este dossier de art\u00edculos y noticias sobre tem\u00e1ticas cr\u00edticas para el desarrollo del continente -recursos naturales, migraciones y di\u00e1sporas, seguridad, democracia, derechos humanos y econom\u00eda- seleccionadas y comentadas por el grupo de estudiantes y j\u00f3venes investigadores participantes del PEALA.<\/p>\n<p>Esperamos que los lectores encuentren en el dossier insumos valiosos para revisitar el continente africano en su d\u00eda y repensar aspectos claves de su devenir contempor\u00e1neo.<\/p>\n<p>Programa de Relaciones y Cooperaci\u00f3n Sur-Sur<\/p>\n<p>Facultad de Ciencia Pol\u00edtica y Relaciones Internacionales<\/p>\n<p>Universidad Nacional de Rosario &#8211; Argentina<\/p>\n<p>Descargar PDF: <a href=\"http:\/\/aladaa.com.ar\/asiayafrica\/wp-content\/uploads\/2016\/05\/PEALA-Dossier-Dia-de-\u00c1frica-2016.pdf\">PEALA Dossier Dia de \u00c1frica 2016<\/a><\/p>\n","protected":false},"excerpt":{"rendered":"<p>DOSSIER \u00c1FRICA: UN CONTINENTE POLICROM\u00c1TICO El 25 de mayo se celebra en todo el mundo el D\u00eda de \u00c1frica. El origen de esta conmemoraci\u00f3n se remonta al a\u00f1o 1963, cuando treinta y dos l\u00edderes de Estados africanos se reunieron en Addis Abeba, para conformar la&hellip; <br \/><a class=\"more-link\" href=\"https:\/\/aladaa.com.ar\/asiayafrica\/dossier-africa-un-continente-policromatico\/\">Continue reading <span class=\"screen-reader-text\">DOSSIER \u00c1FRICA: UN CONTINENTE POLICROM\u00c1TICO<\/span><\/a><\/p>\n","protected":false},"author":1,"featured_media":0,"comment_status":"closed","ping_status":"open","sticky":false,"template":"","format":"standard","meta":{"_jetpack_newsletter_access":"","_jetpack_dont_email_post_to_subs":false,"_jetpack_newsletter_tier_id":0,"_jetpack_memberships_contains_paywalled_content":false,"_jetpack_memberships_contains_paid_content":false,"footnotes":""},"categories":[7,5],"tags":[],"class_list":["post-428","post","type-post","status-publish","format-standard","hentry","category-nacionales","category-noticias"],"jetpack_sharing_enabled":true,"jetpack_shortlink":"https:\/\/wp.me\/p9LsG3-6U","jetpack_likes_enabled":true,"jetpack-related-posts":[{"id":1453,"url":"https:\/\/aladaa.com.ar\/asiayafrica\/semana-de-africa-en-el-cine-cosmos\/","url_meta":{"origin":428,"position":0},"title":"Semana de Africa en el Cine Cosmos","author":"AladaaAr","date":"05\/06\/2018","format":false,"excerpt":"SEMANA DE \u00c1FRICA EN EL CINE COSMOS SEMANA DE \u00c1FRICA Proyecci\u00f3n de documentales de Observatorio Sur Del jueves 31\/05 al mi\u00e9rcoles 06\/06. CINE COSMOS Av. Corrientes 2046. (CABA). En el marco de la Celebraci\u00f3n del D\u00eda Internacional de \u00c1frica, la Comunidad africana de la Argentina organiza una serie de actividades\u2026","rel":"","context":"En &quot;Nacionales&quot;","block_context":{"text":"Nacionales","link":"https:\/\/aladaa.com.ar\/asiayafrica\/category\/nacionales\/"},"img":{"alt_text":"","src":"https:\/\/ci5.googleusercontent.com\/proxy\/7Mkp5x7vnjoGT2ynGuzF3bII8G8nN9AZ8P94lSQK9u1YI3mtO9W7FJ47IvEXf-miKSuDyVsogoi3lN_ByGUbmgjPGjx-metceXGhlGdxbwFiNbGKmwGCzURgcLUOD4kCIw=s0-d-e1-ft#https:\/\/cdn-images.mailchimp.com\/icons\/social-block-v2\/color-twitter-48.png","width":350,"height":200},"classes":[]},{"id":2208,"url":"https:\/\/aladaa.com.ar\/asiayafrica\/convocatoria-abierta-foro-argentino-africano-2026\/","url_meta":{"origin":428,"position":1},"title":"Convocatoria abierta | Foro Argentino Africano 2026","author":"AladaaAr","date":"24\/08\/2026","format":false,"excerpt":"Desde el Foro Argentino Africano se abre la convocatoria para participar de una iniciativa orientada a fortalecer el di\u00e1logo, la cooperaci\u00f3n y la construcci\u00f3n de v\u00ednculos entre Argentina y \u00c1frica, promoviendo un espacio de intercambio sobre temas estrat\u00e9gicos de inter\u00e9s com\u00fan. \ud83d\udcc5 27 de octubre de 2026\ud83d\udd51 14:00 h\ud83d\udccd Teatro\u2026","rel":"","context":"En &quot;Nacionales&quot;","block_context":{"text":"Nacionales","link":"https:\/\/aladaa.com.ar\/asiayafrica\/category\/nacionales\/"},"img":{"alt_text":"","src":"","width":0,"height":0},"classes":[]},{"id":447,"url":"https:\/\/aladaa.com.ar\/asiayafrica\/congreso-nacional-de-aladaa-argentina-2017\/","url_meta":{"origin":428,"position":2},"title":"VII Congreso Nacional de ALADAA Argentina 2017 &#8211; Extension de la convocatoria","author":"AladaaAr","date":"01\/08\/2016","format":false,"excerpt":"Congreso Nacional de ALADAA (Secci\u00f3n Argentina) \u201cSeguridad humana, cultura y calidad de vida en Asia y \u00c1frica.\u00a0 Perspectivas desde Latinoam\u00e9rica\u201d Ciudad Aut\u00f3noma de Buenos Aires, Rep\u00fablica Argentina 5 y 6 de Junio de 2017 Organiza: Universidad Nacional de Lomas de Zamora Facultad de Ciencias Sociales Instituto de Investigaci\u00f3n en Ciencias\u2026","rel":"","context":"En &quot;Nacionales&quot;","block_context":{"text":"Nacionales","link":"https:\/\/aladaa.com.ar\/asiayafrica\/category\/nacionales\/"},"img":{"alt_text":"","src":"","width":0,"height":0},"classes":[]},{"id":1403,"url":"https:\/\/aladaa.com.ar\/asiayafrica\/10a-convocatoria-de-los-premios-de-ensayo-casa-africa\/","url_meta":{"origin":428,"position":3},"title":"10\u00aa Convocatoria de los Premios de Ensayo Casa \u00c1frica","author":"AladaaAr","date":"09\/05\/2018","format":false,"excerpt":"English version here \/\/ Version fran\u00e7aise ici \/\/ Vers\u00e3o em portugu\u00eas aqui 10\u00aa Convocatoria de los Premios de Ensayo Casa \u00c1frica Agradecer\u00edamos si pudieran colaborar en la difusi\u00f3n de la convocatoria de los Premios de Ensayo que Casa \u00c1frica lanza por d\u00e9cimo a\u00f1o consecutivo con el fin de reconocer, incentivar\u2026","rel":"","context":"En &quot;Internacionales&quot;","block_context":{"text":"Internacionales","link":"https:\/\/aladaa.com.ar\/asiayafrica\/category\/internacionales\/"},"img":{"alt_text":"","src":"https:\/\/i0.wp.com\/aladaa.com.ar\/asiayafrica\/wp-content\/uploads\/2018\/05\/prizdessai.gif?resize=350%2C200","width":350,"height":200,"srcset":"https:\/\/i0.wp.com\/aladaa.com.ar\/asiayafrica\/wp-content\/uploads\/2018\/05\/prizdessai.gif?resize=350%2C200 1x, https:\/\/i0.wp.com\/aladaa.com.ar\/asiayafrica\/wp-content\/uploads\/2018\/05\/prizdessai.gif?resize=525%2C300 1.5x, https:\/\/i0.wp.com\/aladaa.com.ar\/asiayafrica\/wp-content\/uploads\/2018\/05\/prizdessai.gif?resize=700%2C400 2x"},"classes":[]},{"id":1986,"url":"https:\/\/aladaa.com.ar\/asiayafrica\/los-estudios-africanos-y-asiaticos-en-2022-actas-del-x-congreso-nacional-aladaa-argentina\/","url_meta":{"origin":428,"position":4},"title":"LOS ESTUDIOS AFRICANOS Y ASI\u00c1TICOS EN 2022 &#8211; Actas del X Congreso Nacional ALADAA Argentina","author":"Aladaa Arg.","date":"13\/07\/2023","format":false,"excerpt":"VER LIBRO Presentaci\u00f3n https:\/\/aladaaarg.github.io\/AladaaArg2022\/ Luego de un impasse obligado por la pandemia de COVID-19 desatada a comienzos de 2020, realizamos, el pasado a\u00f1o, la convocatoria al X Congreso Nacional de ALADAA \u2013 Argentina bajo el lema \u201cLas sociedades de Asia y \u00c1frica en el contexto global post -pandemia.\u201d A pesar\u2026","rel":"","context":"En &quot;Congresos&quot;","block_context":{"text":"Congresos","link":"https:\/\/aladaa.com.ar\/asiayafrica\/category\/congresos\/"},"img":{"alt_text":"","src":"https:\/\/i0.wp.com\/aladaa.com.ar\/asiayafrica\/wp-content\/uploads\/2023\/07\/presentacion-libro-02.png?fit=670%2C501&ssl=1&resize=350%2C200","width":350,"height":200,"srcset":"https:\/\/i0.wp.com\/aladaa.com.ar\/asiayafrica\/wp-content\/uploads\/2023\/07\/presentacion-libro-02.png?fit=670%2C501&ssl=1&resize=350%2C200 1x, https:\/\/i0.wp.com\/aladaa.com.ar\/asiayafrica\/wp-content\/uploads\/2023\/07\/presentacion-libro-02.png?fit=670%2C501&ssl=1&resize=525%2C300 1.5x"},"classes":[]},{"id":1804,"url":"https:\/\/aladaa.com.ar\/asiayafrica\/mesas-tematicas-ix-congreso-aladaa-argentina\/","url_meta":{"origin":428,"position":5},"title":"Mesas tem\u00e1ticas IX Congreso Aladaa Argentina","author":"AladaaAr","date":"25\/04\/2019","format":false,"excerpt":"MESA 1: FORMACI\u00d3N DOCENTE Y DI\u00c1LOGO INTERCULTURAL SUR-SUR Coordinaci\u00f3n Dr. Emmanuel Ginestra (Facultad de Ciencias Humanas, Universidad Nacional de San Luis \u2013 Instituto de Formaci\u00f3n Docente Continua-San Luis). ginestraemmanuel@gmail.com Mag. Ana Laura C\u00e9sar (Universidad Cat\u00f3lica de Cuyo. Sede San Luis - Instituto de Formaci\u00f3n Docente Continua-San Luis). anamafhuz@hotmail.com Descripci\u00f3n de\u2026","rel":"","context":"En &quot;Nacionales&quot;","block_context":{"text":"Nacionales","link":"https:\/\/aladaa.com.ar\/asiayafrica\/category\/nacionales\/"},"img":{"alt_text":"","src":"","width":0,"height":0},"classes":[]}],"jetpack_featured_media_url":"","_links":{"self":[{"href":"https:\/\/aladaa.com.ar\/asiayafrica\/wp-json\/wp\/v2\/posts\/428","targetHints":{"allow":["GET"]}}],"collection":[{"href":"https:\/\/aladaa.com.ar\/asiayafrica\/wp-json\/wp\/v2\/posts"}],"about":[{"href":"https:\/\/aladaa.com.ar\/asiayafrica\/wp-json\/wp\/v2\/types\/post"}],"author":[{"embeddable":true,"href":"https:\/\/aladaa.com.ar\/asiayafrica\/wp-json\/wp\/v2\/users\/1"}],"replies":[{"embeddable":true,"href":"https:\/\/aladaa.com.ar\/asiayafrica\/wp-json\/wp\/v2\/comments?post=428"}],"version-history":[{"count":1,"href":"https:\/\/aladaa.com.ar\/asiayafrica\/wp-json\/wp\/v2\/posts\/428\/revisions"}],"predecessor-version":[{"id":430,"href":"https:\/\/aladaa.com.ar\/asiayafrica\/wp-json\/wp\/v2\/posts\/428\/revisions\/430"}],"wp:attachment":[{"href":"https:\/\/aladaa.com.ar\/asiayafrica\/wp-json\/wp\/v2\/media?parent=428"}],"wp:term":[{"taxonomy":"category","embeddable":true,"href":"https:\/\/aladaa.com.ar\/asiayafrica\/wp-json\/wp\/v2\/categories?post=428"},{"taxonomy":"post_tag","embeddable":true,"href":"https:\/\/aladaa.com.ar\/asiayafrica\/wp-json\/wp\/v2\/tags?post=428"}],"curies":[{"name":"wp","href":"https:\/\/api.w.org\/{rel}","templated":true}]}}