{"id":400,"date":"2016-05-09T15:37:10","date_gmt":"2016-05-09T18:37:10","guid":{"rendered":"http:\/\/aladaa.com.ar\/asiayafrica\/?p=400"},"modified":"2016-05-09T15:37:10","modified_gmt":"2016-05-09T18:37:10","slug":"antepasados-los-afroportenos-en-la-cultura-nacional","status":"publish","type":"post","link":"https:\/\/aladaa.com.ar\/asiayafrica\/antepasados-los-afroportenos-en-la-cultura-nacional\/","title":{"rendered":"Antepasados &#8211; Los afroporte\u00f1os en la cultura nacional"},"content":{"rendered":"<p><strong><a href=\"https:\/\/i0.wp.com\/aladaa.com.ar\/asiayafrica\/wp-content\/uploads\/2016\/05\/antepasados-cuadrado-1.jpg\"><img data-recalc-dims=\"1\" loading=\"lazy\" decoding=\"async\" data-attachment-id=\"401\" data-permalink=\"https:\/\/aladaa.com.ar\/asiayafrica\/antepasados-los-afroportenos-en-la-cultura-nacional\/antepasados-cuadrado-1\/\" data-orig-file=\"https:\/\/i0.wp.com\/aladaa.com.ar\/asiayafrica\/wp-content\/uploads\/2016\/05\/antepasados-cuadrado-1.jpg?fit=285%2C285&amp;ssl=1\" data-orig-size=\"285,285\" data-comments-opened=\"0\" data-image-meta=\"{&quot;aperture&quot;:&quot;0&quot;,&quot;credit&quot;:&quot;&quot;,&quot;camera&quot;:&quot;&quot;,&quot;caption&quot;:&quot;&quot;,&quot;created_timestamp&quot;:&quot;0&quot;,&quot;copyright&quot;:&quot;&quot;,&quot;focal_length&quot;:&quot;0&quot;,&quot;iso&quot;:&quot;0&quot;,&quot;shutter_speed&quot;:&quot;0&quot;,&quot;title&quot;:&quot;&quot;,&quot;orientation&quot;:&quot;0&quot;}\" data-image-title=\"antepasados-cuadrado-1\" data-image-description=\"\" data-image-caption=\"\" data-large-file=\"https:\/\/i0.wp.com\/aladaa.com.ar\/asiayafrica\/wp-content\/uploads\/2016\/05\/antepasados-cuadrado-1.jpg?fit=285%2C285&amp;ssl=1\" class=\"alignleft size-full wp-image-401\" src=\"https:\/\/i0.wp.com\/aladaa.com.ar\/asiayafrica\/wp-content\/uploads\/2016\/05\/antepasados-cuadrado-1.jpg?resize=285%2C285\" alt=\"antepasados-cuadrado-1\" width=\"285\" height=\"285\" srcset=\"https:\/\/i0.wp.com\/aladaa.com.ar\/asiayafrica\/wp-content\/uploads\/2016\/05\/antepasados-cuadrado-1.jpg?w=285&amp;ssl=1 285w, https:\/\/i0.wp.com\/aladaa.com.ar\/asiayafrica\/wp-content\/uploads\/2016\/05\/antepasados-cuadrado-1.jpg?resize=150%2C150&amp;ssl=1 150w\" sizes=\"auto, (max-width: 285px) 100vw, 285px\" \/><\/a>EXPOSICION<\/strong><\/p>\n<p><strong>Museo del libro y de la lengua<\/strong><br \/>\nAv. Las Heras 2555 | CP 1425EID Ciudad de Buenos Aires | Rep\u00fablica Argentina<\/p>\n<p><strong>Mayo &#8211; Junio 2016<\/strong><br \/>\nMartes a domingo de 14 a 19 hs.<\/p>\n<p>En el oc\u00e9ano de la lengua, muchos son los afluentes. Algunos de ellos provienen de tratos amistosos entre culturas, otros de situaciones violentas, conquistas y expropiaciones. Am\u00e9rica Latina tiene entre sus zonas fundacionales la ignominia de la esclavitud y a partir de ella la incorporaci\u00f3n de una cuantiosa poblaci\u00f3n africana. En algunos pa\u00edses, como en Argentina, se declar\u00f3 disuelto el hilo africano, hasta el punto de resultar desapercibido. A trav\u00e9s de esta exposici\u00f3n tratamos de rastrear lo que persiste en nuestra cultura y las palabras que podemos considerar africanismos, que son parte del idioma de los argentinos.<\/p>\n<p>Durante el siglo XX llegaron a la Argentina distintos grupos de origen africano: algunos originarios de Cabo Verde, otros, m\u00e1s recientes, de Senegal. En esta exposici\u00f3n nos detendremos en aquellos que no fueron migrantes, sino esclavos y llegaron al territorio actualmente argentino durante la colonia, una comunidad de africanos y sus descendientes que participaron de las luchas independentistas y de las querellas pol\u00edticas posteriores. Buscar las huellas, de eso se trata, de una profusa actividad que luego fue olvidada. Muchas generaciones tuvieron sus actos escolares con la negrita mazamorrera o el encargado de encender los faroles, pero el recordatorio se erig\u00eda al mismo tiempo que se declaraba parte de un pasado irrecuperable.<\/p>\n<p>Preguntarnos por los antepasados esclavizados implica un esfuerzo cr\u00edtico: pensar la cuesti\u00f3n del racismo que retorna frente a los distintos grupos subalternos. Las expresiones \u201cen Argentina no hay negros\u201d o \u201cno hay indios\u201d, aunque muchas veces vayan acompa\u00f1adas de un esfuerzo moral de denuncia (respecto del exterminio, el desplazamiento poblacional o su conversi\u00f3n en carne de ca\u00f1\u00f3n), resultan aliadas del olvido o la condena de los efectivos mestizajes de la poblaci\u00f3n nacional. El racismo existe tanto en el olvido de la creaci\u00f3n de instancias organizativas y culturales propias como en el enaltecimiento de lo pasado para continuar los menoscabos en el presente.<\/p>\n<p>En los \u00faltimos a\u00f1os se multiplicaron los estudios sobre la herencia de los africanos convertidos en esclavos y trasladados a Am\u00e9rica, sobre las culturas nacionales creadas en la regi\u00f3n. En esta muestra citamos esas investigaciones, invitamos a expertos a participar, mostramos libros que se est\u00e1n produciendo, con la satisfacci\u00f3n de que el Museo del libro y de la lengua forme parte de esos esfuerzos por reconstruir una historia soterrada del pa\u00eds.<\/p>\n","protected":false},"excerpt":{"rendered":"<p>EXPOSICION Museo del libro y de la lengua Av. Las Heras 2555 | CP 1425EID Ciudad de Buenos Aires | Rep\u00fablica Argentina Mayo &#8211; Junio 2016 Martes a domingo de 14 a 19 hs. En el oc\u00e9ano de la lengua, muchos son los afluentes. Algunos&hellip; <br \/><a class=\"more-link\" href=\"https:\/\/aladaa.com.ar\/asiayafrica\/antepasados-los-afroportenos-en-la-cultura-nacional\/\">Continue reading <span class=\"screen-reader-text\">Antepasados &#8211; Los afroporte\u00f1os en la cultura nacional<\/span><\/a><\/p>\n","protected":false},"author":1,"featured_media":0,"comment_status":"closed","ping_status":"open","sticky":false,"template":"","format":"standard","meta":{"_jetpack_newsletter_access":"","_jetpack_dont_email_post_to_subs":false,"_jetpack_newsletter_tier_id":0,"_jetpack_memberships_contains_paywalled_content":false,"_jetpack_memberships_contains_paid_content":false,"footnotes":""},"categories":[7,5],"tags":[],"class_list":["post-400","post","type-post","status-publish","format-standard","hentry","category-nacionales","category-noticias"],"jetpack_featured_media_url":"","jetpack_sharing_enabled":true,"jetpack_shortlink":"https:\/\/wp.me\/p9LsG3-6s","jetpack_likes_enabled":true,"jetpack-related-posts":[{"id":584,"url":"https:\/\/aladaa.com.ar\/asiayafrica\/noticias-del-instituto-confucio-unlp-4\/","url_meta":{"origin":400,"position":0},"title":"Noticias del Instituto Confucio &#8211; UNLP","author":"AladaaAr","date":"07\/09\/2016","format":false,"excerpt":"Noticias del Instituto Confucio UNLP - 5 de septiembre de 2016- - Hoy, lunes 5 de septiembre: \u00a0\u00a0 \u00a0 \u00a0 \u00a0comienzan los cursos preparatorios para los ex\u00e1menes internacionales de idioma chino HSK y HSKK, gratuitos para alumnos del I. Confucio UNLP. Para mayor informaci\u00f3n cliquee aqu\u00ed. \u00a0 \u00a0 \u00a0 \u00a0la\u2026","rel":"","context":"En &quot;Nacionales&quot;","block_context":{"text":"Nacionales","link":"https:\/\/aladaa.com.ar\/asiayafrica\/category\/nacionales\/"},"img":{"alt_text":"confucio","src":"https:\/\/i0.wp.com\/aladaa.com.ar\/asiayafrica\/wp-content\/uploads\/2016\/09\/confucio.png?resize=350%2C200","width":350,"height":200,"srcset":"https:\/\/i0.wp.com\/aladaa.com.ar\/asiayafrica\/wp-content\/uploads\/2016\/09\/confucio.png?resize=350%2C200 1x, https:\/\/i0.wp.com\/aladaa.com.ar\/asiayafrica\/wp-content\/uploads\/2016\/09\/confucio.png?resize=525%2C300 1.5x"},"classes":[]},{"id":1202,"url":"https:\/\/aladaa.com.ar\/asiayafrica\/cursos-de-lenguas-orientales-en-la-universidad-de-buenos-aires\/","url_meta":{"origin":400,"position":1},"title":"Cursos de lenguas orientales en la Universidad de Buenos Aires","author":"AladaaAr","date":"27\/03\/2018","format":false,"excerpt":"Estimados: Buenos d\u00edas. Solicitamos difusi\u00f3n de los siguientes cursos de extensi\u00f3n que se dictar\u00e1n en la Universidad de Buenos Aires. Saludos cordiales, Lic. Rodrigo Cabrera - Dra. Anal\u00eda Sapere --- Grupo de Estudio sobre Lenguas y Escrituras de Oriente (GELEO) Facultad de Filosof\u00eda y Letras, Universidad de Buenos Aires (FFyL,\u2026","rel":"","context":"En &quot;Nacionales&quot;","block_context":{"text":"Nacionales","link":"https:\/\/aladaa.com.ar\/asiayafrica\/category\/nacionales\/"},"img":{"alt_text":"","src":"https:\/\/i0.wp.com\/aladaa.com.ar\/asiayafrica\/wp-content\/uploads\/2018\/03\/Flyer_2018_Curso-japone%CC%81s.jpg?fit=960%2C720&ssl=1&resize=350%2C200","width":350,"height":200,"srcset":"https:\/\/i0.wp.com\/aladaa.com.ar\/asiayafrica\/wp-content\/uploads\/2018\/03\/Flyer_2018_Curso-japone%CC%81s.jpg?fit=960%2C720&ssl=1&resize=350%2C200 1x, https:\/\/i0.wp.com\/aladaa.com.ar\/asiayafrica\/wp-content\/uploads\/2018\/03\/Flyer_2018_Curso-japone%CC%81s.jpg?fit=960%2C720&ssl=1&resize=525%2C300 1.5x, https:\/\/i0.wp.com\/aladaa.com.ar\/asiayafrica\/wp-content\/uploads\/2018\/03\/Flyer_2018_Curso-japone%CC%81s.jpg?fit=960%2C720&ssl=1&resize=700%2C400 2x"},"classes":[]},{"id":879,"url":"https:\/\/aladaa.com.ar\/asiayafrica\/segundo-encuentro-de-estudios-japoneses-en-argentina-2017\/","url_meta":{"origin":400,"position":2},"title":"Segundo Encuentro de Estudios Japoneses en Argentina 2017","author":"AladaaAr","date":"28\/07\/2017","format":false,"excerpt":"II ENCUENTRO DE ESTUDIOS JAPONESES EN ARGENTINA 2017 LOS ESTUDIOS JAPONESES: ENTRE LA INVESTIGACI\u00d3N ACAD\u00c9MICA Y LA PROMOCI\u00d3N CULTURAL Buenos Aires \u2013 1, 2 y 3 de agosto de 2017- de 9:00 a 19:30 Centro Cultural de la Cooperaci\u00f3n, Ciudad Aut\u00f3noma de Buenos Aires Av. Corrientes 1543, C.A.B.A. Rep\u00fablica Argentina\u2026","rel":"","context":"En &quot;Nacionales&quot;","block_context":{"text":"Nacionales","link":"https:\/\/aladaa.com.ar\/asiayafrica\/category\/nacionales\/"},"img":{"alt_text":"","src":"","width":0,"height":0},"classes":[]},{"id":2133,"url":"https:\/\/aladaa.com.ar\/asiayafrica\/conf-nuevos-estudios-de-area-sobre-cultura-y-literatura-hispano-filipinas\/","url_meta":{"origin":400,"position":3},"title":"Conf. Nuevos estudios de \u00e1rea sobre Cultura y Literatura Hispano-Filipinas","author":"AladaaAr","date":"12\/08\/2025","format":false,"excerpt":"ALADAA Argentina Invita a la Conferencia presencial con difusi\u00f3n virtual \u00abNuevos estudios de \u00e1rea sobre Cultura y Literatura Hispano-Filipinas\u00bb por el Dr. Axel GASQUET, Catedr\u00e1tico titular de literatura y civilizaci\u00f3n hispanoamericana en el Departamento de Estudios Hisp\u00e1nicos - Universidad Clermont Auvernia. Investigador principal del IHRIM (UMR 5317) - CNRS 19\u2026","rel":"","context":"En &quot;Destacadas&quot;","block_context":{"text":"Destacadas","link":"https:\/\/aladaa.com.ar\/asiayafrica\/category\/destacadas\/"},"img":{"alt_text":"","src":"https:\/\/i0.wp.com\/aladaa.com.ar\/asiayafrica\/wp-content\/uploads\/2025\/08\/Conferencia-Gasquet-ALADAA-FSOC-IIGG-19-8-2025.jpg?resize=350%2C200&ssl=1","width":350,"height":200,"srcset":"https:\/\/i0.wp.com\/aladaa.com.ar\/asiayafrica\/wp-content\/uploads\/2025\/08\/Conferencia-Gasquet-ALADAA-FSOC-IIGG-19-8-2025.jpg?resize=350%2C200&ssl=1 1x, https:\/\/i0.wp.com\/aladaa.com.ar\/asiayafrica\/wp-content\/uploads\/2025\/08\/Conferencia-Gasquet-ALADAA-FSOC-IIGG-19-8-2025.jpg?resize=525%2C300&ssl=1 1.5x, https:\/\/i0.wp.com\/aladaa.com.ar\/asiayafrica\/wp-content\/uploads\/2025\/08\/Conferencia-Gasquet-ALADAA-FSOC-IIGG-19-8-2025.jpg?resize=700%2C400&ssl=1 2x, https:\/\/i0.wp.com\/aladaa.com.ar\/asiayafrica\/wp-content\/uploads\/2025\/08\/Conferencia-Gasquet-ALADAA-FSOC-IIGG-19-8-2025.jpg?resize=1050%2C600&ssl=1 3x"},"classes":[]},{"id":969,"url":"https:\/\/aladaa.com.ar\/asiayafrica\/argentina-y-japon-encuentro-entre-dos-mundos-up\/","url_meta":{"origin":400,"position":4},"title":"Argentina y Jap\u00f3n, Encuentro entre dos mundos &#8211; UP","author":"AladaaAr","date":"19\/11\/2017","format":false,"excerpt":"Charla Abierta \"Argentina y Jap\u00f3n, Encuentro entre dos mundos\" \/\/ UP Estimados, los invitamos a participar de la Charla Abierta \" Argentina y Japon, Encuentro entre dos mundos\", que tendr\u00e1 lugar el martes 21\/11 a las 19hs., en el Auditorio de la Facultad de Ciencias Sociales de la Universidad de\u2026","rel":"","context":"En &quot;Nacionales&quot;","block_context":{"text":"Nacionales","link":"https:\/\/aladaa.com.ar\/asiayafrica\/category\/nacionales\/"},"img":{"alt_text":"640","src":"https:\/\/i0.wp.com\/aladaa.com.ar\/asiayafrica\/wp-content\/uploads\/2017\/11\/640.jpg?resize=350%2C200","width":350,"height":200,"srcset":"https:\/\/i0.wp.com\/aladaa.com.ar\/asiayafrica\/wp-content\/uploads\/2017\/11\/640.jpg?resize=350%2C200 1x, https:\/\/i0.wp.com\/aladaa.com.ar\/asiayafrica\/wp-content\/uploads\/2017\/11\/640.jpg?resize=525%2C300 1.5x"},"classes":[]},{"id":500,"url":"https:\/\/aladaa.com.ar\/asiayafrica\/miradas-sobre-la-otredad-produccion-de-representaciones-sociales-en-torno-a-migrantes-senegaleses-y-argentinos\/","url_meta":{"origin":400,"position":5},"title":"Miradas sobre la otredad. Producci\u00f3n de representaciones sociales en torno a migrantes senegaleses y argentinos.","author":"AladaaAr","date":"30\/06\/2016","format":false,"excerpt":"Charla Dra. Gisele Kleidermacher-Miradas sobre la otredad. Producci\u00f3n de representaciones sociales en torno a migrantes senegaleses y argentinos (2010-2014) \u00a0 En el marco del ciclo de charlas organizadas por el GEALA-Grupo de Estudios Afrolatinoamericanos del Instituto Ravignani (UBA\/CONICET) \u00a0 invitamos a la presentaci\u00f3n de la Dra. Gisele Kleidermacher \u00a0 Miradas\u2026","rel":"","context":"En &quot;Varios&quot;","block_context":{"text":"Varios","link":"https:\/\/aladaa.com.ar\/asiayafrica\/category\/varia\/"},"img":{"alt_text":"","src":"","width":0,"height":0},"classes":[]}],"_links":{"self":[{"href":"https:\/\/aladaa.com.ar\/asiayafrica\/wp-json\/wp\/v2\/posts\/400","targetHints":{"allow":["GET"]}}],"collection":[{"href":"https:\/\/aladaa.com.ar\/asiayafrica\/wp-json\/wp\/v2\/posts"}],"about":[{"href":"https:\/\/aladaa.com.ar\/asiayafrica\/wp-json\/wp\/v2\/types\/post"}],"author":[{"embeddable":true,"href":"https:\/\/aladaa.com.ar\/asiayafrica\/wp-json\/wp\/v2\/users\/1"}],"replies":[{"embeddable":true,"href":"https:\/\/aladaa.com.ar\/asiayafrica\/wp-json\/wp\/v2\/comments?post=400"}],"version-history":[{"count":1,"href":"https:\/\/aladaa.com.ar\/asiayafrica\/wp-json\/wp\/v2\/posts\/400\/revisions"}],"predecessor-version":[{"id":402,"href":"https:\/\/aladaa.com.ar\/asiayafrica\/wp-json\/wp\/v2\/posts\/400\/revisions\/402"}],"wp:attachment":[{"href":"https:\/\/aladaa.com.ar\/asiayafrica\/wp-json\/wp\/v2\/media?parent=400"}],"wp:term":[{"taxonomy":"category","embeddable":true,"href":"https:\/\/aladaa.com.ar\/asiayafrica\/wp-json\/wp\/v2\/categories?post=400"},{"taxonomy":"post_tag","embeddable":true,"href":"https:\/\/aladaa.com.ar\/asiayafrica\/wp-json\/wp\/v2\/tags?post=400"}],"curies":[{"name":"wp","href":"https:\/\/api.w.org\/{rel}","templated":true}]}}