{"id":395,"date":"2016-05-07T01:05:30","date_gmt":"2016-05-07T04:05:30","guid":{"rendered":"http:\/\/aladaa.com.ar\/asiayafrica\/?p=395"},"modified":"2016-05-07T01:13:54","modified_gmt":"2016-05-07T04:13:54","slug":"africa-x-africa-la-historia-del-africa-contemporanea-en-el-cine-africano","status":"publish","type":"post","link":"https:\/\/aladaa.com.ar\/asiayafrica\/africa-x-africa-la-historia-del-africa-contemporanea-en-el-cine-africano\/","title":{"rendered":"\u00c1frica x \u00c1frica, La historia del \u00c1frica contempor\u00e1nea en el cine  africano"},"content":{"rendered":"<p><strong><a href=\"https:\/\/i0.wp.com\/aladaa.com.ar\/asiayafrica\/wp-content\/uploads\/2016\/05\/InMyGenes_NewPoster_72dpi.jpg\"><img data-recalc-dims=\"1\" loading=\"lazy\" decoding=\"async\" data-attachment-id=\"397\" data-permalink=\"https:\/\/aladaa.com.ar\/asiayafrica\/africa-x-africa-la-historia-del-africa-contemporanea-en-el-cine-africano\/inmygenes_newposter_72dpi\/\" data-orig-file=\"https:\/\/i0.wp.com\/aladaa.com.ar\/asiayafrica\/wp-content\/uploads\/2016\/05\/InMyGenes_NewPoster_72dpi.jpg?fit=325%2C447&amp;ssl=1\" data-orig-size=\"325,447\" data-comments-opened=\"0\" data-image-meta=\"{&quot;aperture&quot;:&quot;0&quot;,&quot;credit&quot;:&quot;&quot;,&quot;camera&quot;:&quot;&quot;,&quot;caption&quot;:&quot;&quot;,&quot;created_timestamp&quot;:&quot;0&quot;,&quot;copyright&quot;:&quot;&quot;,&quot;focal_length&quot;:&quot;0&quot;,&quot;iso&quot;:&quot;0&quot;,&quot;shutter_speed&quot;:&quot;0&quot;,&quot;title&quot;:&quot;&quot;,&quot;orientation&quot;:&quot;1&quot;}\" data-image-title=\"InMyGenes_NewPoster_72dpi\" data-image-description=\"\" data-image-caption=\"\" data-large-file=\"https:\/\/i0.wp.com\/aladaa.com.ar\/asiayafrica\/wp-content\/uploads\/2016\/05\/InMyGenes_NewPoster_72dpi.jpg?fit=325%2C447&amp;ssl=1\" class=\"alignright wp-image-397 size-medium\" src=\"https:\/\/i0.wp.com\/aladaa.com.ar\/asiayafrica\/wp-content\/uploads\/2016\/05\/InMyGenes_NewPoster_72dpi-218x300.jpg?resize=218%2C300\" alt=\"InMyGenes_NewPoster_72dpi\" width=\"218\" height=\"300\" srcset=\"https:\/\/i0.wp.com\/aladaa.com.ar\/asiayafrica\/wp-content\/uploads\/2016\/05\/InMyGenes_NewPoster_72dpi.jpg?resize=218%2C300&amp;ssl=1 218w, https:\/\/i0.wp.com\/aladaa.com.ar\/asiayafrica\/wp-content\/uploads\/2016\/05\/InMyGenes_NewPoster_72dpi.jpg?w=325&amp;ssl=1 325w\" sizes=\"auto, (max-width: 218px) 100vw, 218px\" \/><\/a><\/strong>Ciclo:\u00a0<strong> \u201c\u00c1frica x \u00c1frica\u201d La historia del \u00c1frica contempor\u00e1nea en el cine\u00a0 africano<\/strong><br \/>\nS\u00e1bados 7, 14 y 21 de mayo<\/p>\n<p><strong> \u00a0Museo Etnogr\u00e1fico Juan B. Ambrosetti<\/strong><br \/>\nFacultad de Filosof\u00eda y Letras &#8211; UBA<br \/>\nMoreno 350 &#8211; Ciudad de Buenos Aires<br \/>\n<strong> \u00a0Entrada libre y gratuita<\/strong><\/p>\n<p>Organizado por la Secci\u00f3n Interdisciplinaria de\u00a0 Asia y Africa y el Centro de Promoci\u00f3n de los\u00a0 Derechos Humanos (CIPDH \u2013 UNESCO) en el marco de\u00a0 \u201cAfrica en Movimiento\u201d los s\u00e1bados 7, 14\u00a0 y 21 de mayo el ciclo de cine africano \u201cAfrica x\u00a0 Africa\u201d se propone mostrar la riqueza de una\u00a0 cinematograf\u00eda poco conocida en Argentina. Las\u00a0 pel\u00edculas son proyectadas en versi\u00f3n original\u00a0 con subt\u00edtulos en castellano y en cada\u00a0 proyecci\u00f3n se realizar\u00e1 una\u00a0 presentaci\u00f3n y un debate posterior.<\/p>\n<p><strong>S\u00e1bado 7 de mayo, 16 horas<\/strong><br \/>\n<strong> \u00a0 En mis genes,\u00a0 de Lupita Nyong\u00b4o<\/strong><br \/>\nSer albino en Africa puede ser un problema grave. Este\u00a0 documental muestra la vida de varias personas albinas en Kenya.<\/p>\n","protected":false},"excerpt":{"rendered":"<p>Ciclo:\u00a0 \u201c\u00c1frica x \u00c1frica\u201d La historia del \u00c1frica contempor\u00e1nea en el cine\u00a0 africano S\u00e1bados 7, 14 y 21 de mayo \u00a0Museo Etnogr\u00e1fico Juan B. Ambrosetti Facultad de Filosof\u00eda y Letras &#8211; UBA Moreno 350 &#8211; Ciudad de Buenos Aires \u00a0Entrada libre y gratuita Organizado por&hellip; <br \/><a class=\"more-link\" href=\"https:\/\/aladaa.com.ar\/asiayafrica\/africa-x-africa-la-historia-del-africa-contemporanea-en-el-cine-africano\/\">Continue reading <span class=\"screen-reader-text\">\u00c1frica x \u00c1frica, La historia del \u00c1frica contempor\u00e1nea en el cine  africano<\/span><\/a><\/p>\n","protected":false},"author":1,"featured_media":0,"comment_status":"closed","ping_status":"open","sticky":false,"template":"","format":"standard","meta":{"_jetpack_newsletter_access":"","_jetpack_dont_email_post_to_subs":false,"_jetpack_newsletter_tier_id":0,"_jetpack_memberships_contains_paywalled_content":false,"_jetpack_memberships_contains_paid_content":false,"footnotes":""},"categories":[7,5],"tags":[],"class_list":["post-395","post","type-post","status-publish","format-standard","hentry","category-nacionales","category-noticias"],"jetpack_featured_media_url":"","jetpack_sharing_enabled":true,"jetpack_shortlink":"https:\/\/wp.me\/p9LsG3-6n","jetpack_likes_enabled":true,"jetpack-related-posts":[{"id":1453,"url":"https:\/\/aladaa.com.ar\/asiayafrica\/semana-de-africa-en-el-cine-cosmos\/","url_meta":{"origin":395,"position":0},"title":"Semana de Africa en el Cine Cosmos","author":"AladaaAr","date":"05\/06\/2018","format":false,"excerpt":"SEMANA DE \u00c1FRICA EN EL CINE COSMOS SEMANA DE \u00c1FRICA Proyecci\u00f3n de documentales de Observatorio Sur Del jueves 31\/05 al mi\u00e9rcoles 06\/06. CINE COSMOS Av. Corrientes 2046. (CABA). En el marco de la Celebraci\u00f3n del D\u00eda Internacional de \u00c1frica, la Comunidad africana de la Argentina organiza una serie de actividades\u2026","rel":"","context":"En &quot;Nacionales&quot;","block_context":{"text":"Nacionales","link":"https:\/\/aladaa.com.ar\/asiayafrica\/category\/nacionales\/"},"img":{"alt_text":"","src":"https:\/\/ci5.googleusercontent.com\/proxy\/7Mkp5x7vnjoGT2ynGuzF3bII8G8nN9AZ8P94lSQK9u1YI3mtO9W7FJ47IvEXf-miKSuDyVsogoi3lN_ByGUbmgjPGjx-metceXGhlGdxbwFiNbGKmwGCzURgcLUOD4kCIw=s0-d-e1-ft#https:\/\/cdn-images.mailchimp.com\/icons\/social-block-v2\/color-twitter-48.png","width":350,"height":200},"classes":[]},{"id":428,"url":"https:\/\/aladaa.com.ar\/asiayafrica\/dossier-africa-un-continente-policromatico\/","url_meta":{"origin":395,"position":1},"title":"DOSSIER \u00c1FRICA: UN CONTINENTE POLICROM\u00c1TICO","author":"AladaaAr","date":"26\/05\/2016","format":false,"excerpt":"DOSSIER \u00c1FRICA: UN CONTINENTE POLICROM\u00c1TICO El 25 de mayo se celebra en todo el mundo el D\u00eda de \u00c1frica. El origen de esta conmemoraci\u00f3n se remonta al a\u00f1o 1963, cuando treinta y dos l\u00edderes de Estados africanos se reunieron en Addis Abeba, para conformar la Organizaci\u00f3n de la Unidad Africana\u2026","rel":"","context":"En &quot;Nacionales&quot;","block_context":{"text":"Nacionales","link":"https:\/\/aladaa.com.ar\/asiayafrica\/category\/nacionales\/"},"img":{"alt_text":"","src":"","width":0,"height":0},"classes":[]},{"id":366,"url":"https:\/\/aladaa.com.ar\/asiayafrica\/apuntes-sobre-africa-y-medio-oriente\/","url_meta":{"origin":395,"position":2},"title":"Apuntes sobre \u00c1frica y Medio Oriente","author":"AladaaAr","date":"20\/04\/2016","format":false,"excerpt":"CONTRA | RELATOS desde el Sur \u00a0Apuntes\u00a0 sobre \u00c1frica y Medio Oriente Convoca a presentaci\u00f3n de art\u00edculos in\u00e9ditos y rese\u00f1as para\u00a0 su pr\u00f3xima edici\u00f3n A\u00f1o XII, N\u00b0 13, julio\u00a0 2016. CONTRA | RELATOS desde el Sur es una publicaci\u00f3n anual del Programa de Estudios Africanos y\u00a0 del Programa de\u00a0 Estudios\u2026","rel":"","context":"En &quot;Nacionales&quot;","block_context":{"text":"Nacionales","link":"https:\/\/aladaa.com.ar\/asiayafrica\/category\/nacionales\/"},"img":{"alt_text":"","src":"","width":0,"height":0},"classes":[]},{"id":419,"url":"https:\/\/aladaa.com.ar\/asiayafrica\/panel-sobre-patrimonio-cultural-africa-en-movimiento-bsas\/","url_meta":{"origin":395,"position":3},"title":"Panel sobre patrimonio cultural: \u00c1frica  en movimiento &#8211; BsAs","author":"AladaaAr","date":"17\/05\/2016","format":false,"excerpt":"\u201c\u00c1frica\u00a0 en movimiento:\u00a0 El patrimonio cultural\u00a0 africano en los dos continentes\u201d Panelistas: Alberto Granado Duque (Director de Casa\u00a0 \u00c1frica de La Habana - Cuba) Susana Pataro\u00a0 (Antrop\u00f3loga,\u00a0 ex\u00a0 embajadora\u00a0 argentina en\u00a0 Nigeria.\u00a0 Ex\u00a0 Delegada\u00a0 Permanente Adjunta de Argentina ante la UNESCO) Fr\u00e9d\u00e9ric Vacheron\u00a0 (responsable\u00a0 del\u00a0 Programa\u00a0 Cultura\u00a0 de\u00a0 la\u00a0 Oficina\u00a0\u2026","rel":"","context":"En &quot;Nacionales&quot;","block_context":{"text":"Nacionales","link":"https:\/\/aladaa.com.ar\/asiayafrica\/category\/nacionales\/"},"img":{"alt_text":"","src":"","width":0,"height":0},"classes":[]},{"id":1468,"url":"https:\/\/aladaa.com.ar\/asiayafrica\/inmigrantes-en-foco-senegal-estoy-aca-mangui-fi\/","url_meta":{"origin":395,"position":4},"title":"Inmigrantes en foco: Senegal: Estoy ac\u00e1 (Mangui Fi)","author":"AladaaAr","date":"08\/06\/2018","format":false,"excerpt":"Tenemos el agrado de invitarles a las funciones del documental. Todos los domingos de Junio a las 20.30 hs. en el CCR. Llega como pre-estreno en el ciclo \u201cInmigrantes en foco\u201d ESTOY AC\u00c1 (MANGUI FI) Senegal en Buenos Aires Una pel\u00edcula de Esteban Tabacznik y Juan Manuel Bramuglia 4 \u00fanicas\u2026","rel":"","context":"En &quot;Nacionales&quot;","block_context":{"text":"Nacionales","link":"https:\/\/aladaa.com.ar\/asiayafrica\/category\/nacionales\/"},"img":{"alt_text":"","src":"https:\/\/i0.wp.com\/aladaa.com.ar\/asiayafrica\/wp-content\/uploads\/2018\/06\/enFoco.png?fit=640%2C367&ssl=1&resize=350%2C200","width":350,"height":200,"srcset":"https:\/\/i0.wp.com\/aladaa.com.ar\/asiayafrica\/wp-content\/uploads\/2018\/06\/enFoco.png?fit=640%2C367&ssl=1&resize=350%2C200 1x, https:\/\/i0.wp.com\/aladaa.com.ar\/asiayafrica\/wp-content\/uploads\/2018\/06\/enFoco.png?fit=640%2C367&ssl=1&resize=525%2C300 1.5x"},"classes":[]},{"id":1144,"url":"https:\/\/aladaa.com.ar\/asiayafrica\/contra-relatos-desde-el-sur-apuntes-sobre-africa-y-medio-oriente\/","url_meta":{"origin":395,"position":5},"title":"CONTRA | RELATOS desde el Sur Apuntes sobre \u00c1frica y Medio Oriente","author":"AladaaAr","date":"21\/03\/2018","format":false,"excerpt":"CONTRA | RELATOS desde el Sur Apuntes sobre \u00c1frica y Medio Oriente convoca a presentar art\u00edculos in\u00e9ditos y rese\u00f1as para su pr\u00f3xima edici\u00f3n A\u00f1o XIV, N\u00b0 17, julio de 2018 CONTRA | RELATOS desde el Sur (ISSN 2525-2011) es una publicaci\u00f3n digital de acceso abierto y periodicidad semestral del Programa\u2026","rel":"","context":"En &quot;Nacionales&quot;","block_context":{"text":"Nacionales","link":"https:\/\/aladaa.com.ar\/asiayafrica\/category\/nacionales\/"},"img":{"alt_text":"","src":"https:\/\/i0.wp.com\/aladaa.com.ar\/asiayafrica\/wp-content\/uploads\/2018\/03\/homepageImage_es_ES.jpg?fit=846%2C420&ssl=1&resize=350%2C200","width":350,"height":200,"srcset":"https:\/\/i0.wp.com\/aladaa.com.ar\/asiayafrica\/wp-content\/uploads\/2018\/03\/homepageImage_es_ES.jpg?fit=846%2C420&ssl=1&resize=350%2C200 1x, https:\/\/i0.wp.com\/aladaa.com.ar\/asiayafrica\/wp-content\/uploads\/2018\/03\/homepageImage_es_ES.jpg?fit=846%2C420&ssl=1&resize=525%2C300 1.5x, https:\/\/i0.wp.com\/aladaa.com.ar\/asiayafrica\/wp-content\/uploads\/2018\/03\/homepageImage_es_ES.jpg?fit=846%2C420&ssl=1&resize=700%2C400 2x"},"classes":[]}],"_links":{"self":[{"href":"https:\/\/aladaa.com.ar\/asiayafrica\/wp-json\/wp\/v2\/posts\/395","targetHints":{"allow":["GET"]}}],"collection":[{"href":"https:\/\/aladaa.com.ar\/asiayafrica\/wp-json\/wp\/v2\/posts"}],"about":[{"href":"https:\/\/aladaa.com.ar\/asiayafrica\/wp-json\/wp\/v2\/types\/post"}],"author":[{"embeddable":true,"href":"https:\/\/aladaa.com.ar\/asiayafrica\/wp-json\/wp\/v2\/users\/1"}],"replies":[{"embeddable":true,"href":"https:\/\/aladaa.com.ar\/asiayafrica\/wp-json\/wp\/v2\/comments?post=395"}],"version-history":[{"count":3,"href":"https:\/\/aladaa.com.ar\/asiayafrica\/wp-json\/wp\/v2\/posts\/395\/revisions"}],"predecessor-version":[{"id":399,"href":"https:\/\/aladaa.com.ar\/asiayafrica\/wp-json\/wp\/v2\/posts\/395\/revisions\/399"}],"wp:attachment":[{"href":"https:\/\/aladaa.com.ar\/asiayafrica\/wp-json\/wp\/v2\/media?parent=395"}],"wp:term":[{"taxonomy":"category","embeddable":true,"href":"https:\/\/aladaa.com.ar\/asiayafrica\/wp-json\/wp\/v2\/categories?post=395"},{"taxonomy":"post_tag","embeddable":true,"href":"https:\/\/aladaa.com.ar\/asiayafrica\/wp-json\/wp\/v2\/tags?post=395"}],"curies":[{"name":"wp","href":"https:\/\/api.w.org\/{rel}","templated":true}]}}