{"id":371,"date":"2016-04-22T12:00:27","date_gmt":"2016-04-22T15:00:27","guid":{"rendered":"http:\/\/aladaa.com.ar\/asiayafrica\/?p=371"},"modified":"2016-04-22T12:00:27","modified_gmt":"2016-04-22T15:00:27","slug":"chile-integracion-de-corea-en-el-orden-mundial","status":"publish","type":"post","link":"https:\/\/aladaa.com.ar\/asiayafrica\/chile-integracion-de-corea-en-el-orden-mundial\/","title":{"rendered":"Chile: Integraci\u00f3n de Corea en el orden Mundial"},"content":{"rendered":"<p>El Centro de Estudios Asi\u00e1ticos de la Facultad de Historia, Geograf\u00eda y Ciencia Pol\u00edtica, de la Pontificia Universidad Cat\u00f3lica de Chile, tiene el agrado de convocarlo a participar en el IX Seminario Internacional de Estudios Coreanos:<em>Integraci\u00f3n de Corea en el orden Mundial de orientaci\u00f3n occidental desde 1876<\/em>. Esta actividad cuenta con el apoyo de la Fundaci\u00f3n Corea y se llevar\u00e1 a cabo en el mes de octubre.<\/p>\n<p>En el siguiente link puede ver las bases de esta invitaci\u00f3n y mucho agradeceremos toda ayuda para que sean difundidas;<\/p>\n<p><a href=\"http:\/\/koreaconsilience.blogspot.cl\/2016\/03\/vix-seminario-internacional-de-estudios.html\">http:\/\/koreaconsilience.blogspot.cl\/2016\/03\/vix-seminario-internacional-de-estudios.html<\/a><\/p>\n<p>Un cordial saludo,<\/p>\n<p>Wonjung Min (PhD)<\/p>\n<p>Centro de Estudios Asi\u00e1ticos<\/p>\n<p>Facultad de Historia, Geograf\u00eda y Ciencia Pol\u00edtica<\/p>\n<p>Pontificia Universidad Cat\u00f3lica de Chile<\/p>\n","protected":false},"excerpt":{"rendered":"<p>El Centro de Estudios Asi\u00e1ticos de la Facultad de Historia, Geograf\u00eda y Ciencia Pol\u00edtica, de la Pontificia Universidad Cat\u00f3lica de Chile, tiene el agrado de convocarlo a participar en el IX Seminario Internacional de Estudios Coreanos:Integraci\u00f3n de Corea en el orden Mundial de orientaci\u00f3n occidental&hellip; <br \/><a class=\"more-link\" href=\"https:\/\/aladaa.com.ar\/asiayafrica\/chile-integracion-de-corea-en-el-orden-mundial\/\">Continue reading <span class=\"screen-reader-text\">Chile: Integraci\u00f3n de Corea en el orden Mundial<\/span><\/a><\/p>\n","protected":false},"author":1,"featured_media":0,"comment_status":"closed","ping_status":"open","sticky":false,"template":"","format":"standard","meta":{"_jetpack_newsletter_access":"","_jetpack_dont_email_post_to_subs":false,"_jetpack_newsletter_tier_id":0,"_jetpack_memberships_contains_paywalled_content":false,"_jetpack_memberships_contains_paid_content":false,"footnotes":""},"categories":[8,5],"tags":[],"class_list":["post-371","post","type-post","status-publish","format-standard","hentry","category-internacionales","category-noticias"],"jetpack_featured_media_url":"","jetpack_sharing_enabled":true,"jetpack_shortlink":"https:\/\/wp.me\/p9LsG3-5Z","jetpack_likes_enabled":true,"jetpack-related-posts":[{"id":956,"url":"https:\/\/aladaa.com.ar\/asiayafrica\/argentina-y-su-insercion-en-el-asia-pacifico-unlp-cari\/","url_meta":{"origin":371,"position":0},"title":"Argentina y su Inserci\u00f3n en el Asia-Pac\u00edfico, UNLP-CARI","author":"AladaaAr","date":"01\/11\/2017","format":false,"excerpt":"\u201cArgentina y su Inserci\u00f3n en el Asia-Pac\u00edfico\u201d Jueves 9 de noviembre, 17.00 horas.\u00a0Sal\u00f3n del Honorable Consejo Directivo \u2013 5\u00b0 Piso Facultad de Ciencias Jur\u00eddicas y Sociales \u2013 Calle 48 N\u00b0582 - La Plata. Panel acad\u00e9mico conjunto entre el\u00a0Departamento de Asia y el Pac\u00edfico del Instituto de Relaciones Internacionales\u00a0y\u00a0el Comit\u00e9 de\u2026","rel":"","context":"En &quot;Nacionales&quot;","block_context":{"text":"Nacionales","link":"https:\/\/aladaa.com.ar\/asiayafrica\/category\/nacionales\/"},"img":{"alt_text":"","src":"","width":0,"height":0},"classes":[]},{"id":818,"url":"https:\/\/aladaa.com.ar\/asiayafrica\/programa-y-cronograma-congreso-nacional-aladaa-ar-2017\/","url_meta":{"origin":371,"position":1},"title":"Programa y Cronograma Congreso Nacional ALADAA Ar 2017","author":"AladaaAr","date":"02\/06\/2017","format":false,"excerpt":"El Cronograma de actividades y Programa del Congreso Nacional de ALADAA Argentina 2017 est\u00e1n disponibles para descargar en PDF en los siguientes links, junto con la Tercera Circular y los horarios actualizados (2\/6\/2017): ALADAA Argentina 2017-3a Circular HORARIO_CONGRESO_ALADAAar_2017 PROGRAMA_Mesas_ALADAAar2017 Congreso Nacional de ALADAA (Secci\u00f3n Argentina) \u201cSeguridad humana, cultura y calidad\u2026","rel":"","context":"En &quot;Nacionales&quot;","block_context":{"text":"Nacionales","link":"https:\/\/aladaa.com.ar\/asiayafrica\/category\/nacionales\/"},"img":{"alt_text":"","src":"","width":0,"height":0},"classes":[]},{"id":1715,"url":"https:\/\/aladaa.com.ar\/asiayafrica\/i-foro-de-cooperacion-de-futuro-corea-mercosur-cari\/","url_meta":{"origin":371,"position":2},"title":"I Foro de Cooperaci\u00f3n de Futuro COREA-MERCOSUR, CARI","author":"AladaaAr","date":"05\/10\/2018","format":false,"excerpt":"I Foro de Cooperaci\u00f3n de Futuro COREA-MERCOSUR \u201cCreando un futuro com\u00fan\u201d Octubre 8\u20139, 2018 Buenos Aires, Argentina Palacio San Mart\u00edn - Ministerio de Relaciones Exteriores y Culto Arenales 761, Ciudad de Buenos Aires Organizado por: - Fundaci\u00f3n Corea - Consejo Coreano para Am\u00e9rica Latina y el Caribe - Consejo Argentino\u2026","rel":"","context":"En &quot;Nacionales&quot;","block_context":{"text":"Nacionales","link":"https:\/\/aladaa.com.ar\/asiayafrica\/category\/nacionales\/"},"img":{"alt_text":"","src":"https:\/\/i0.wp.com\/aladaa.com.ar\/asiayafrica\/wp-content\/uploads\/2018\/10\/CARI-Korea.png?resize=350%2C200","width":350,"height":200,"srcset":"https:\/\/i0.wp.com\/aladaa.com.ar\/asiayafrica\/wp-content\/uploads\/2018\/10\/CARI-Korea.png?resize=350%2C200 1x, https:\/\/i0.wp.com\/aladaa.com.ar\/asiayafrica\/wp-content\/uploads\/2018\/10\/CARI-Korea.png?resize=525%2C300 1.5x, https:\/\/i0.wp.com\/aladaa.com.ar\/asiayafrica\/wp-content\/uploads\/2018\/10\/CARI-Korea.png?resize=700%2C400 2x"},"classes":[]},{"id":713,"url":"https:\/\/aladaa.com.ar\/asiayafrica\/jornada-internacional-sobre-india-2017\/","url_meta":{"origin":371,"position":3},"title":"Jornada Internacional sobre India 2017","author":"AladaaAr","date":"21\/02\/2017","format":false,"excerpt":"Il Jornada Internacional sobre India: \u201cImaginarios sociales y vinculaciones entre Latinoam\u00e9rica e India: saberes, inteligibilidad y poder. 8 y 9 de junio de 2017 Ciudad Aut\u00f3noma de Buenos Aires Rep\u00fablica Argentina Co-organizado por: \u00c1rea de Asia y \u00c1frica, UNICOM, Facultad de Ciencias Sociales, Universidad Nacional de Lomas de Zamora, C\u00e1tedra\u2026","rel":"","context":"En &quot;Nacionales&quot;","block_context":{"text":"Nacionales","link":"https:\/\/aladaa.com.ar\/asiayafrica\/category\/nacionales\/"},"img":{"alt_text":"","src":"","width":0,"height":0},"classes":[]},{"id":1043,"url":"https:\/\/aladaa.com.ar\/asiayafrica\/congreso-internacional-de-aladaa-2018-informacion-sobre-su-pagina-web\/","url_meta":{"origin":371,"position":4},"title":"CONGRESO INTERNACIONAL DE ALADAA, 2018. INFORMACI\u00d3N SOBRE SU P\u00c1GINA WEB.","author":"AladaaAr","date":"03\/03\/2018","format":false,"excerpt":"Estimados amigos, un breve mensaje para comunicarles que ya se encuentra habilitada la p\u00e1gina web del Congreso. http:\/\/congreso.pucp.edu.pe\/aladaa\/ RECUERDEN:\u00a0 el pago de inscripciones se inicia el 1 de abril y los participantes extranjeros podr\u00e1n hacerlo con una tarjeta de cr\u00e9dito. Ser\u00e1 un proceso muy simple. Les adelante que una de\u2026","rel":"","context":"En &quot;Varios&quot;","block_context":{"text":"Varios","link":"https:\/\/aladaa.com.ar\/asiayafrica\/category\/varia\/"},"img":{"alt_text":"","src":"","width":0,"height":0},"classes":[]},{"id":1036,"url":"https:\/\/aladaa.com.ar\/asiayafrica\/congreso-internacional-de-aladaa-2018-segunda-circular\/","url_meta":{"origin":371,"position":5},"title":"Congreso Internacional de ALADAA 2018 &#8211; Segunda Circular","author":"AladaaAr","date":"24\/02\/2018","format":false,"excerpt":"Febrero de 2018, Lima, Per\u00fa XVI CONGRESO INTERNACIONAL DE ALADAA LAS NUEVAS FRONTERAS DE LA INTERCULTURALIDAD: ASIA Y \u00c1FRICA DESDE AM\u00c9RICA LATINA 1 - 4 AGOSTO DE 2018 - Pontificia Universidad Cat\u00f3lica del Per\u00fa SEGUNDA CARTA CIRCULAR Presente. Por intermedio de la segunda carta circular tenemos el agrado de invitar\u2026","rel":"","context":"En &quot;Internacionales&quot;","block_context":{"text":"Internacionales","link":"https:\/\/aladaa.com.ar\/asiayafrica\/category\/internacionales\/"},"img":{"alt_text":"","src":"https:\/\/i0.wp.com\/aladaa.com.ar\/asiayafrica\/wp-content\/uploads\/2018\/02\/Captura-de-pantalla-240218-231805-300x27.png?resize=350%2C200","width":350,"height":200},"classes":[]}],"_links":{"self":[{"href":"https:\/\/aladaa.com.ar\/asiayafrica\/wp-json\/wp\/v2\/posts\/371","targetHints":{"allow":["GET"]}}],"collection":[{"href":"https:\/\/aladaa.com.ar\/asiayafrica\/wp-json\/wp\/v2\/posts"}],"about":[{"href":"https:\/\/aladaa.com.ar\/asiayafrica\/wp-json\/wp\/v2\/types\/post"}],"author":[{"embeddable":true,"href":"https:\/\/aladaa.com.ar\/asiayafrica\/wp-json\/wp\/v2\/users\/1"}],"replies":[{"embeddable":true,"href":"https:\/\/aladaa.com.ar\/asiayafrica\/wp-json\/wp\/v2\/comments?post=371"}],"version-history":[{"count":1,"href":"https:\/\/aladaa.com.ar\/asiayafrica\/wp-json\/wp\/v2\/posts\/371\/revisions"}],"predecessor-version":[{"id":372,"href":"https:\/\/aladaa.com.ar\/asiayafrica\/wp-json\/wp\/v2\/posts\/371\/revisions\/372"}],"wp:attachment":[{"href":"https:\/\/aladaa.com.ar\/asiayafrica\/wp-json\/wp\/v2\/media?parent=371"}],"wp:term":[{"taxonomy":"category","embeddable":true,"href":"https:\/\/aladaa.com.ar\/asiayafrica\/wp-json\/wp\/v2\/categories?post=371"},{"taxonomy":"post_tag","embeddable":true,"href":"https:\/\/aladaa.com.ar\/asiayafrica\/wp-json\/wp\/v2\/tags?post=371"}],"curies":[{"name":"wp","href":"https:\/\/api.w.org\/{rel}","templated":true}]}}