{"id":1901,"date":"2022-06-04T15:10:32","date_gmt":"2022-06-04T18:10:32","guid":{"rendered":"http:\/\/aladaa.com.ar\/asiayafrica\/?p=1901"},"modified":"2024-08-21T10:34:29","modified_gmt":"2024-08-21T13:34:29","slug":"x-congreso-nacional-de-aladaa-argentina","status":"publish","type":"post","link":"https:\/\/aladaa.com.ar\/asiayafrica\/x-congreso-nacional-de-aladaa-argentina\/","title":{"rendered":"X Congreso Nacional de ALADAA Argentina"},"content":{"rendered":"\n<p><em><strong>\u201cLas sociedades de Asia y \u00c1frica en el contexto global post-pandemia\u201d<\/strong><\/em><\/p>\n\n\n\n<p>21 al 23 de septiembre de 2022 &#8211; <strong>Modalidad en l\u00ednea<\/strong>. C\u00f3rdoba Capital, Argentina<\/p>\n\n\n\n<p><strong>Cronograma<\/strong><\/p>\n\n\n\n<p><strong>Presentaci\u00f3n de mesas tem\u00e1ticas:<\/strong> hasta el 22 de mayo de 2022 v\u00eda <a href=\"https:\/\/docs.google.com\/forms\/d\/e\/1FAIpQLScJ7VnXLRwi5_Scjr-bn1RgMhW19iU5Bx9g-OdRLR9Pk_NNxA\/viewform\" target=\"_blank\" rel=\"noreferrer noopener\">GoogleForms<\/a><br><strong>Env\u00edo de res\u00famenes: <\/strong>hasta el 10 de julio de 2022 via <a rel=\"noreferrer noopener\" href=\"https:\/\/docs.google.com\/forms\/d\/e\/1FAIpQLSdT-qRCfwyPQF9XwNH9GM-AK4Lj9jlWhsmsAhm76rK8kFQOAQ\/viewform\" target=\"_blank\">GoogleForms<\/a><br><strong>Comunicaci\u00f3n de aceptaci\u00f3n de res\u00famenes:<\/strong> hasta el 18 de julio de 2022<br><strong>Env\u00edo de ponencias completas:<\/strong> hasta el 16 de septiembre de 2022<br><strong>Realizaci\u00f3n del evento:<\/strong> 21 al 23 de septiembre de 2022<\/p>\n\n\n\n<div class=\"wp-block-file\"><a href=\"http:\/\/aladaa.com.ar\/asiayafrica\/wp-content\/uploads\/2022\/06\/ALADAA2022_PrimeraCircular.pdf\">ALADAA 2022 <strong>Primera Circular<\/strong><\/a><a href=\"http:\/\/aladaa.com.ar\/asiayafrica\/wp-content\/uploads\/2022\/06\/ALADAA2022_PrimeraCircular.pdf\" class=\"wp-block-file__button\" download>Descarga<\/a><\/div>\n\n\n\n<div class=\"wp-block-file\"><a href=\"http:\/\/aladaa.com.ar\/asiayafrica\/wp-content\/uploads\/2022\/06\/ALADAA2022_SegundaCircular.pdf\">ALADAA 2022 <strong>Segunda Circular<\/strong><\/a><a href=\"http:\/\/aladaa.com.ar\/asiayafrica\/wp-content\/uploads\/2022\/06\/ALADAA2022_SegundaCircular.pdf\" class=\"wp-block-file__button\" download>Descarga<\/a><\/div>\n\n\n\n<div class=\"wp-block-file\"><a href=\"http:\/\/aladaa.com.ar\/asiayafrica\/wp-content\/uploads\/2022\/06\/FLYER-Congreso-ALADAA-c-enlace.pdf\">FLYER-Congreso-ALADAA-c-enlace<\/a><a href=\"http:\/\/aladaa.com.ar\/asiayafrica\/wp-content\/uploads\/2022\/06\/FLYER-Congreso-ALADAA-c-enlace.pdf\" class=\"wp-block-file__button\" download>Descarga<\/a><\/div>\n\n\n\n<p><a rel=\"noreferrer noopener\" href=\"https:\/\/www.congresoaladaa2022.com\/fundamentaci%C3%B3n\" target=\"_blank\">Fundamentaci\u00f3n<\/a> y m\u00e1s informaci\u00f3n en la p\u00e1gina del <a href=\"https:\/\/www.congresoaladaa2022.com\" target=\"_blank\" rel=\"noreferrer noopener\">X Congreso Nacional de ALADAA C\u00f3rdoba 2022<\/a><\/p>\n","protected":false},"excerpt":{"rendered":"<p>\u201cLas sociedades de Asia y \u00c1frica en el contexto global post-pandemia\u201d 21 al 23 de septiembre de 2022 &#8211; Modalidad en l\u00ednea. C\u00f3rdoba Capital, Argentina Cronograma Presentaci\u00f3n de mesas tem\u00e1ticas: hasta el 22 de mayo de 2022 v\u00eda GoogleFormsEnv\u00edo de res\u00famenes: hasta el 10 de&hellip; <br \/><a class=\"more-link\" href=\"https:\/\/aladaa.com.ar\/asiayafrica\/x-congreso-nacional-de-aladaa-argentina\/\">Continue reading <span class=\"screen-reader-text\">X Congreso Nacional de ALADAA Argentina<\/span><\/a><\/p>\n","protected":false},"author":1,"featured_media":1907,"comment_status":"closed","ping_status":"open","sticky":false,"template":"","format":"standard","meta":{"_jetpack_newsletter_access":"","_jetpack_dont_email_post_to_subs":false,"_jetpack_newsletter_tier_id":0,"_jetpack_memberships_contains_paywalled_content":false,"_jetpack_memberships_contains_paid_content":false,"footnotes":""},"categories":[1],"tags":[14,20,16,52,97,37],"class_list":["post-1901","post","type-post","status-publish","format-standard","has-post-thumbnail","hentry","category-varia","tag-aladaa","tag-argentina","tag-congreso","tag-cordoba","tag-instituto-confucio","tag-unc"],"jetpack_featured_media_url":"https:\/\/i0.wp.com\/aladaa.com.ar\/asiayafrica\/wp-content\/uploads\/2022\/06\/X-Congreso_Aladaa_Ar-flyer.png?fit=332%2C456&ssl=1","jetpack_sharing_enabled":true,"jetpack_shortlink":"https:\/\/wp.me\/p9LsG3-uF","jetpack_likes_enabled":true,"jetpack-related-posts":[{"id":1914,"url":"https:\/\/aladaa.com.ar\/asiayafrica\/3a-circular-y-prorroga-x-congreso-nacional-aladaa-argentina\/","url_meta":{"origin":1901,"position":0},"title":"3a Circular y pr\u00f3rroga. X Congreso Nacional ALADAA Argentina","author":"AladaaAr","date":"04\/07\/2022","format":false,"excerpt":"Cronograma de actividades:Env\u00edo de res\u00famenes (prorrogado): hasta el 24 de julio de 2022.Comunicaci\u00f3n de aceptaci\u00f3n de res\u00famenes: hasta el 18 de julio de 2022Env\u00edo de ponencias completas: hasta el 16 de septiembre de 2022Realizaci\u00f3n del evento: 21 al 23 de septiembre de 2022 ALADAA_2022_3a_Circular_y_Prorroga.pdfDescarga","rel":"","context":"En &quot;Congresos&quot;","block_context":{"text":"Congresos","link":"https:\/\/aladaa.com.ar\/asiayafrica\/category\/congresos\/"},"img":{"alt_text":"","src":"","width":0,"height":0},"classes":[]},{"id":1833,"url":"https:\/\/aladaa.com.ar\/asiayafrica\/programa-y-resumenes-congreso-aladaa-argentina-2019\/","url_meta":{"origin":1901,"position":1},"title":"Programa y res\u00famenes Congreso Aladaa Argentina 2019","author":"AladaaAr","date":"13\/08\/2019","format":false,"excerpt":"Compartimos con ustedes el Programa definitivo y los res\u00famenes del IX Congreso Nacional de ALADAA Argentina \u201cCulturas en movimiento: potencialidades y desaf\u00edos en la globalizaci\u00f3n. Asia y \u00c1frica desde Am\u00e9rica Latina\u201d que se llevar\u00e1 a cabo en R\u00edo Cuarto, C\u00f3rdoba, Rep\u00fablica Argentina, los d\u00edas 22 y 23 de Agosto de\u2026","rel":"","context":"En &quot;Nacionales&quot;","block_context":{"text":"Nacionales","link":"https:\/\/aladaa.com.ar\/asiayafrica\/category\/nacionales\/"},"img":{"alt_text":"","src":"https:\/\/i0.wp.com\/aladaa.com.ar\/asiayafrica\/wp-content\/uploads\/2019\/08\/aladaa_fondo_banner.jpg?fit=640%2C354&ssl=1&resize=350%2C200","width":350,"height":200,"srcset":"https:\/\/i0.wp.com\/aladaa.com.ar\/asiayafrica\/wp-content\/uploads\/2019\/08\/aladaa_fondo_banner.jpg?fit=640%2C354&ssl=1&resize=350%2C200 1x, https:\/\/i0.wp.com\/aladaa.com.ar\/asiayafrica\/wp-content\/uploads\/2019\/08\/aladaa_fondo_banner.jpg?fit=640%2C354&ssl=1&resize=525%2C300 1.5x"},"classes":[]},{"id":300,"url":"https:\/\/aladaa.com.ar\/asiayafrica\/10-congreso-nacional-de-estudios-coreanos\/","url_meta":{"origin":1901,"position":2},"title":"10 Congreso Nacional de Estudios Coreanos","author":"AladaaAr","date":"17\/03\/2016","format":false,"excerpt":"La Asociaci\u00f3n Argentina de Estudios Coreanos y la C\u00e1tedra de Historia Contempor\u00e1nea de Asia y \u00c1frica de la Universidad Nacional de C\u00f3rdoba convocan al\u00a010\u00b0 Congreso Nacional de Estudios Coreanos, a realizarse los d\u00edas 6, 7 y 8 de octubre de 2016 en la ciudad de C\u00f3rdoba. Cronograma Previsto: 1. Inscripciones:\u2026","rel":"","context":"En &quot;Nacionales&quot;","block_context":{"text":"Nacionales","link":"https:\/\/aladaa.com.ar\/asiayafrica\/category\/nacionales\/"},"img":{"alt_text":"Flyer - X Congreso Nacional de Estudios Coreanos - 2016","src":"https:\/\/i0.wp.com\/aladaa.com.ar\/asiayafrica\/wp-content\/uploads\/2016\/03\/Flyer-X-Congreso-Nacional-de-Estudios-Coreanos-2016-211x300.jpg?resize=350%2C200","width":350,"height":200},"classes":[]},{"id":375,"url":"https:\/\/aladaa.com.ar\/asiayafrica\/actualizacion-10-congreso-nacional-de-estudios-coreanos\/","url_meta":{"origin":1901,"position":3},"title":"Actualizaci\u00f3n: 10\u00b0 Congreso Nacional de Estudios Coreanos","author":"AladaaAr","date":"22\/04\/2016","format":false,"excerpt":"La Asociaci\u00f3n Argentina de Estudios Coreanos y la C\u00e1tedra de Historia Contempor\u00e1nea de Asia y \u00c1frica de la Universidad Nacional de C\u00f3rdoba convocan al *10\u00b0 Congreso Nacional de Estudios Coreanos*, a realizarse los d\u00edas 6, 7 y 8 de octubre de 2016 en la ciudad de C\u00f3rdoba, Provincia de C\u00f3rdoba,\u2026","rel":"","context":"En &quot;Nacionales&quot;","block_context":{"text":"Nacionales","link":"https:\/\/aladaa.com.ar\/asiayafrica\/category\/nacionales\/"},"img":{"alt_text":"Flyer - X Congreso Nacional de Estudios Coreanos - 2016","src":"https:\/\/i0.wp.com\/aladaa.com.ar\/asiayafrica\/wp-content\/uploads\/2016\/04\/Flyer-X-Congreso-Nacional-de-Estudios-Coreanos-2016-211x300.jpg?resize=350%2C200","width":350,"height":200},"classes":[]},{"id":590,"url":"https:\/\/aladaa.com.ar\/asiayafrica\/congreso-nacional-aladaa-arg-2017-segunda-circular\/","url_meta":{"origin":1901,"position":4},"title":"Congreso Nacional Aladaa Arg. 2017 &#8211; Segunda Circular","author":"AladaaAr","date":"02\/12\/2016","format":"aside","excerpt":"ACTUALIZACI\u00d3N: 3a circular (27\/5\/2017) Estimados\u00a0colegas, \u00a0 \u00a0 \u00a0 \u00a0 \u00a0 \u00a0 \u00a0 \u00a0 \u00a0 \u00a0 \u00a0 \u00a0 \u00a0 \u00a0\u00a0comunicamos a ustedes que dados los pedidos recibidos, extenderemos la recepci\u00f3n de res\u00famenes para el Congreso NAcional de ALADAA, Secci\u00f3n Argentina, 2017, hasta el lunes 12 de diciembre (inclu\u00eddo). Comisi\u00f3n ALADAA, Secci\u00f3n\u2026","rel":"","context":"En &quot;Nacionales&quot;","block_context":{"text":"Nacionales","link":"https:\/\/aladaa.com.ar\/asiayafrica\/category\/nacionales\/"},"img":{"alt_text":"","src":"","width":0,"height":0},"classes":[]},{"id":657,"url":"https:\/\/aladaa.com.ar\/asiayafrica\/recordatorio-congreso-nacional-aladaa-2017\/","url_meta":{"origin":1901,"position":5},"title":"RECORDATORIO CONGRESO NACIONAL ALADAA, 2017","author":"AladaaAr","date":"02\/12\/2016","format":false,"excerpt":"Estimados\u00a0colegas, \u00a0 \u00a0 \u00a0 \u00a0 \u00a0 \u00a0 \u00a0 \u00a0 \u00a0 \u00a0 \u00a0 \u00a0 \u00a0 \u00a0\u00a0comunicamos a ustedes que dados los pedidos recibidos, extenderemos la recepci\u00f3n de res\u00famenes para el Congreso NAcional de ALADAA, Secci\u00f3n Argentina, 2017, hasta el lunes 12 de diciembre (inclu\u00eddo). Comisi\u00f3n ALADAA, Secci\u00f3n Argentina.\u00a0 Fechas importantes \u00a0\u2026","rel":"","context":"En &quot;Nacionales&quot;","block_context":{"text":"Nacionales","link":"https:\/\/aladaa.com.ar\/asiayafrica\/category\/nacionales\/"},"img":{"alt_text":"","src":"","width":0,"height":0},"classes":[]}],"_links":{"self":[{"href":"https:\/\/aladaa.com.ar\/asiayafrica\/wp-json\/wp\/v2\/posts\/1901","targetHints":{"allow":["GET"]}}],"collection":[{"href":"https:\/\/aladaa.com.ar\/asiayafrica\/wp-json\/wp\/v2\/posts"}],"about":[{"href":"https:\/\/aladaa.com.ar\/asiayafrica\/wp-json\/wp\/v2\/types\/post"}],"author":[{"embeddable":true,"href":"https:\/\/aladaa.com.ar\/asiayafrica\/wp-json\/wp\/v2\/users\/1"}],"replies":[{"embeddable":true,"href":"https:\/\/aladaa.com.ar\/asiayafrica\/wp-json\/wp\/v2\/comments?post=1901"}],"version-history":[{"count":2,"href":"https:\/\/aladaa.com.ar\/asiayafrica\/wp-json\/wp\/v2\/posts\/1901\/revisions"}],"predecessor-version":[{"id":1908,"href":"https:\/\/aladaa.com.ar\/asiayafrica\/wp-json\/wp\/v2\/posts\/1901\/revisions\/1908"}],"wp:featuredmedia":[{"embeddable":true,"href":"https:\/\/aladaa.com.ar\/asiayafrica\/wp-json\/wp\/v2\/media\/1907"}],"wp:attachment":[{"href":"https:\/\/aladaa.com.ar\/asiayafrica\/wp-json\/wp\/v2\/media?parent=1901"}],"wp:term":[{"taxonomy":"category","embeddable":true,"href":"https:\/\/aladaa.com.ar\/asiayafrica\/wp-json\/wp\/v2\/categories?post=1901"},{"taxonomy":"post_tag","embeddable":true,"href":"https:\/\/aladaa.com.ar\/asiayafrica\/wp-json\/wp\/v2\/tags?post=1901"}],"curies":[{"name":"wp","href":"https:\/\/api.w.org\/{rel}","templated":true}]}}