{"id":1721,"date":"2018-10-25T10:40:44","date_gmt":"2018-10-25T13:40:44","guid":{"rendered":"http:\/\/aladaa.com.ar\/asiayafrica\/?p=1721"},"modified":"2018-10-29T10:41:53","modified_gmt":"2018-10-29T13:41:53","slug":"arltafrica","status":"publish","type":"post","link":"https:\/\/aladaa.com.ar\/asiayafrica\/arltafrica\/","title":{"rendered":"\u00c1rltfrica. Encuentro sobre Arlt y \u00c1frica"},"content":{"rendered":"<div>\n<div>\n<div>\n<div>\n<p><strong>El programa\u00a0<em>Oriente en<\/em> contin\u00faa con este encuentro sobre las andanzas del escritor Roberto Arlt en el continente africano<\/strong><\/p>\n<p>Ven\u00ed a participar de una tarde con variadas propuestas ligadas al viaje de Roberto Arlt a Marruecos en los a\u00f1os 30. Conversaremos con la especialista Laura Ju\u00e1rez sobre Arlt como cronista y las implicancias de este viaje en su obra. Adem\u00e1s, se realizar\u00e1 una demostraci\u00f3n y degustaci\u00f3n de t\u00e9 moruno, propio de la zona de Magreb, a cargo de Eclaire &#8211; El arte del t\u00e9.<\/p>\n<p>Es una oportunidad de sumergirse en el universo marroqu\u00ed a trav\u00e9s de la aguda mirada de Roberto Arlt acompa\u00f1ada por los sabores caracter\u00edsticos de la t\u00edpica infusi\u00f3n del lugar.<\/p>\n<p>***<\/p>\n<h4><strong>Viernes 26 de octubre de 17:00 a 19:00<br \/>\n<\/strong><strong>Museo Casa de Ricardo Rojas (<a href=\"https:\/\/maps.google.com\/?q=Charcas+2837,+CABA&amp;entry=gmail&amp;source=g\">Charcas 2837, CABA<\/a>)<br \/>\n<\/strong><strong>Actividad libre y gratuita<\/strong><\/h4>\n<p>&nbsp;<\/p>\n<\/div>\n<\/div>\n<\/div>\n<\/div>\n","protected":false},"excerpt":{"rendered":"<p>El programa\u00a0Oriente en contin\u00faa con este encuentro sobre las andanzas del escritor Roberto Arlt en el continente africano Ven\u00ed a participar de una tarde con variadas propuestas ligadas al viaje de Roberto Arlt a Marruecos en los a\u00f1os 30. Conversaremos con la especialista Laura Ju\u00e1rez&hellip; <br \/><a class=\"more-link\" href=\"https:\/\/aladaa.com.ar\/asiayafrica\/arltafrica\/\">Continue reading <span class=\"screen-reader-text\">\u00c1rltfrica. Encuentro sobre Arlt y \u00c1frica<\/span><\/a><\/p>\n","protected":false},"author":1,"featured_media":1722,"comment_status":"closed","ping_status":"open","sticky":false,"template":"","format":"standard","meta":{"_jetpack_newsletter_access":"","_jetpack_dont_email_post_to_subs":false,"_jetpack_newsletter_tier_id":0,"_jetpack_memberships_contains_paywalled_content":false,"_jetpack_memberships_contains_paid_content":false,"footnotes":""},"categories":[7,5],"tags":[32,20,212,81,124],"class_list":["post-1721","post","type-post","status-publish","format-standard","has-post-thumbnail","hentry","category-nacionales","category-noticias","tag-africa","tag-argentina","tag-arlt","tag-buenos-aires","tag-literatura"],"jetpack_featured_media_url":"https:\/\/i0.wp.com\/aladaa.com.ar\/asiayafrica\/wp-content\/uploads\/2018\/10\/arlt.jpg?fit=860%2C589&ssl=1","jetpack_sharing_enabled":true,"jetpack_shortlink":"https:\/\/wp.me\/p9LsG3-rL","jetpack_likes_enabled":true,"jetpack-related-posts":[{"id":879,"url":"https:\/\/aladaa.com.ar\/asiayafrica\/segundo-encuentro-de-estudios-japoneses-en-argentina-2017\/","url_meta":{"origin":1721,"position":0},"title":"Segundo Encuentro de Estudios Japoneses en Argentina 2017","author":"AladaaAr","date":"28\/07\/2017","format":false,"excerpt":"II ENCUENTRO DE ESTUDIOS JAPONESES EN ARGENTINA 2017 LOS ESTUDIOS JAPONESES: ENTRE LA INVESTIGACI\u00d3N ACAD\u00c9MICA Y LA PROMOCI\u00d3N CULTURAL Buenos Aires \u2013 1, 2 y 3 de agosto de 2017- de 9:00 a 19:30 Centro Cultural de la Cooperaci\u00f3n, Ciudad Aut\u00f3noma de Buenos Aires Av. Corrientes 1543, C.A.B.A. Rep\u00fablica Argentina\u2026","rel":"","context":"En &quot;Nacionales&quot;","block_context":{"text":"Nacionales","link":"https:\/\/aladaa.com.ar\/asiayafrica\/category\/nacionales\/"},"img":{"alt_text":"","src":"","width":0,"height":0},"classes":[]},{"id":326,"url":"https:\/\/aladaa.com.ar\/asiayafrica\/actividades-de-la-sociedad-de-economia-critica-sec\/","url_meta":{"origin":1721,"position":1},"title":"Actividades de la Sociedad de Econom\u00eda Cr\u00edtica (SEC)","author":"AladaaAr","date":"03\/04\/2016","format":false,"excerpt":"Agenda de Actividades sugeridas abril a mayo de 2016 y Congresos por venir Recordamos que este 25, 26 y 27 de Agosto la Sociedad de Econom\u00eda Cr\u00edtica (SEC) organiza las IX Jornadas de Econom\u00eda Cr\u00edtica en C\u00f3rdoba, Argentina. La fecha l\u00edmite para la presentaci\u00f3n de las ponencias completas es el\u2026","rel":"","context":"En &quot;Nacionales&quot;","block_context":{"text":"Nacionales","link":"https:\/\/aladaa.com.ar\/asiayafrica\/category\/nacionales\/"},"img":{"alt_text":"","src":"","width":0,"height":0},"classes":[]},{"id":1804,"url":"https:\/\/aladaa.com.ar\/asiayafrica\/mesas-tematicas-ix-congreso-aladaa-argentina\/","url_meta":{"origin":1721,"position":2},"title":"Mesas tem\u00e1ticas IX Congreso Aladaa Argentina","author":"AladaaAr","date":"25\/04\/2019","format":false,"excerpt":"MESA 1: FORMACI\u00d3N DOCENTE Y DI\u00c1LOGO INTERCULTURAL SUR-SUR Coordinaci\u00f3n Dr. Emmanuel Ginestra (Facultad de Ciencias Humanas, Universidad Nacional de San Luis \u2013 Instituto de Formaci\u00f3n Docente Continua-San Luis). ginestraemmanuel@gmail.com Mag. Ana Laura C\u00e9sar (Universidad Cat\u00f3lica de Cuyo. Sede San Luis - Instituto de Formaci\u00f3n Docente Continua-San Luis). anamafhuz@hotmail.com Descripci\u00f3n de\u2026","rel":"","context":"En &quot;Nacionales&quot;","block_context":{"text":"Nacionales","link":"https:\/\/aladaa.com.ar\/asiayafrica\/category\/nacionales\/"},"img":{"alt_text":"","src":"","width":0,"height":0},"classes":[]},{"id":752,"url":"https:\/\/aladaa.com.ar\/asiayafrica\/curso-mao-zedong-ideario-obra-y-legado\/","url_meta":{"origin":1721,"position":3},"title":"Curso: Mao Zedong. Ideario, obra y legado","author":"AladaaAr","date":"26\/03\/2017","format":false,"excerpt":"Asociaci\u00f3n para las Naciones Unidas de la Rep\u00fablica Argentina (ANU-AR) Curso: Mao Zedong. Ideario, obra y legado Profesional a cargo: Dr. Jorge Malena (USAL, CARI, ISEN) Fechas: Jueves 20 y 27 de Abril y 4 de Mayo, de 18.30 a 20.00 hs. Sede: Casa de Posgrados UNLP, Ayacucho 132, CABA.\u2026","rel":"","context":"En &quot;Nacionales&quot;","block_context":{"text":"Nacionales","link":"https:\/\/aladaa.com.ar\/asiayafrica\/category\/nacionales\/"},"img":{"alt_text":"","src":"","width":0,"height":0},"classes":[]},{"id":428,"url":"https:\/\/aladaa.com.ar\/asiayafrica\/dossier-africa-un-continente-policromatico\/","url_meta":{"origin":1721,"position":4},"title":"DOSSIER \u00c1FRICA: UN CONTINENTE POLICROM\u00c1TICO","author":"AladaaAr","date":"26\/05\/2016","format":false,"excerpt":"DOSSIER \u00c1FRICA: UN CONTINENTE POLICROM\u00c1TICO El 25 de mayo se celebra en todo el mundo el D\u00eda de \u00c1frica. El origen de esta conmemoraci\u00f3n se remonta al a\u00f1o 1963, cuando treinta y dos l\u00edderes de Estados africanos se reunieron en Addis Abeba, para conformar la Organizaci\u00f3n de la Unidad Africana\u2026","rel":"","context":"En &quot;Nacionales&quot;","block_context":{"text":"Nacionales","link":"https:\/\/aladaa.com.ar\/asiayafrica\/category\/nacionales\/"},"img":{"alt_text":"","src":"","width":0,"height":0},"classes":[]},{"id":366,"url":"https:\/\/aladaa.com.ar\/asiayafrica\/apuntes-sobre-africa-y-medio-oriente\/","url_meta":{"origin":1721,"position":5},"title":"Apuntes sobre \u00c1frica y Medio Oriente","author":"AladaaAr","date":"20\/04\/2016","format":false,"excerpt":"CONTRA | RELATOS desde el Sur \u00a0Apuntes\u00a0 sobre \u00c1frica y Medio Oriente Convoca a presentaci\u00f3n de art\u00edculos in\u00e9ditos y rese\u00f1as para\u00a0 su pr\u00f3xima edici\u00f3n A\u00f1o XII, N\u00b0 13, julio\u00a0 2016. CONTRA | RELATOS desde el Sur es una publicaci\u00f3n anual del Programa de Estudios Africanos y\u00a0 del Programa de\u00a0 Estudios\u2026","rel":"","context":"En &quot;Nacionales&quot;","block_context":{"text":"Nacionales","link":"https:\/\/aladaa.com.ar\/asiayafrica\/category\/nacionales\/"},"img":{"alt_text":"","src":"","width":0,"height":0},"classes":[]}],"_links":{"self":[{"href":"https:\/\/aladaa.com.ar\/asiayafrica\/wp-json\/wp\/v2\/posts\/1721","targetHints":{"allow":["GET"]}}],"collection":[{"href":"https:\/\/aladaa.com.ar\/asiayafrica\/wp-json\/wp\/v2\/posts"}],"about":[{"href":"https:\/\/aladaa.com.ar\/asiayafrica\/wp-json\/wp\/v2\/types\/post"}],"author":[{"embeddable":true,"href":"https:\/\/aladaa.com.ar\/asiayafrica\/wp-json\/wp\/v2\/users\/1"}],"replies":[{"embeddable":true,"href":"https:\/\/aladaa.com.ar\/asiayafrica\/wp-json\/wp\/v2\/comments?post=1721"}],"version-history":[{"count":2,"href":"https:\/\/aladaa.com.ar\/asiayafrica\/wp-json\/wp\/v2\/posts\/1721\/revisions"}],"predecessor-version":[{"id":1724,"href":"https:\/\/aladaa.com.ar\/asiayafrica\/wp-json\/wp\/v2\/posts\/1721\/revisions\/1724"}],"wp:featuredmedia":[{"embeddable":true,"href":"https:\/\/aladaa.com.ar\/asiayafrica\/wp-json\/wp\/v2\/media\/1722"}],"wp:attachment":[{"href":"https:\/\/aladaa.com.ar\/asiayafrica\/wp-json\/wp\/v2\/media?parent=1721"}],"wp:term":[{"taxonomy":"category","embeddable":true,"href":"https:\/\/aladaa.com.ar\/asiayafrica\/wp-json\/wp\/v2\/categories?post=1721"},{"taxonomy":"post_tag","embeddable":true,"href":"https:\/\/aladaa.com.ar\/asiayafrica\/wp-json\/wp\/v2\/tags?post=1721"}],"curies":[{"name":"wp","href":"https:\/\/api.w.org\/{rel}","templated":true}]}}