{"id":1615,"date":"2018-08-22T17:02:33","date_gmt":"2018-08-22T20:02:33","guid":{"rendered":"http:\/\/aladaa.com.ar\/asiayafrica\/?p=1615"},"modified":"2018-08-22T17:02:33","modified_gmt":"2018-08-22T20:02:33","slug":"ii-jornadas-de-culturas-afroamericanas-identidad-y-cultura-untref","status":"publish","type":"post","link":"https:\/\/aladaa.com.ar\/asiayafrica\/ii-jornadas-de-culturas-afroamericanas-identidad-y-cultura-untref\/","title":{"rendered":"II Jornadas de Culturas Afroamericanas Identidad y Cultura, UNTREF"},"content":{"rendered":"<h3 style=\"font-weight: normal; margin: 0px;\">II Jornadas de Culturas Afroamericanas<\/h3>\n<h1 style=\"font-weight: normal; margin: 0px;\"><strong>Identidad y Cultura<\/strong><\/h1>\n<p><a href=\"https:\/\/i0.wp.com\/aladaa.com.ar\/asiayafrica\/wp-content\/uploads\/2018\/08\/IIJornadaAfroUntref.png\"><img data-recalc-dims=\"1\" loading=\"lazy\" decoding=\"async\" data-attachment-id=\"1616\" data-permalink=\"https:\/\/aladaa.com.ar\/asiayafrica\/ii-jornadas-de-culturas-afroamericanas-identidad-y-cultura-untref\/iijornadaafrountref\/\" data-orig-file=\"https:\/\/i0.wp.com\/aladaa.com.ar\/asiayafrica\/wp-content\/uploads\/2018\/08\/IIJornadaAfroUntref.png?fit=600%2C338&amp;ssl=1\" data-orig-size=\"600,338\" data-comments-opened=\"0\" data-image-title=\"IIJornadaAfroUntref\" data-image-description=\"\" data-image-caption=\"\" data-large-file=\"https:\/\/i0.wp.com\/aladaa.com.ar\/asiayafrica\/wp-content\/uploads\/2018\/08\/IIJornadaAfroUntref.png?fit=600%2C338&amp;ssl=1\" class=\"alignright size-medium wp-image-1616\" src=\"https:\/\/i0.wp.com\/aladaa.com.ar\/asiayafrica\/wp-content\/uploads\/2018\/08\/IIJornadaAfroUntref-300x169.png?resize=300%2C169\" alt=\"\" width=\"300\" height=\"169\" srcset=\"https:\/\/i0.wp.com\/aladaa.com.ar\/asiayafrica\/wp-content\/uploads\/2018\/08\/IIJornadaAfroUntref.png?resize=300%2C169&amp;ssl=1 300w, https:\/\/i0.wp.com\/aladaa.com.ar\/asiayafrica\/wp-content\/uploads\/2018\/08\/IIJornadaAfroUntref.png?w=600&amp;ssl=1 600w\" sizes=\"auto, (max-width: 300px) 100vw, 300px\" \/><\/a><\/p>\n<div style=\"text-align: justify;\">El objetivo de estas jornadas es visibilizar las distintas acciones que vienen realizando las organizaciones que militan por los derechos humanos de los afrodescendientes en el territorio argentino. Adem\u00e1s, se procura articular las actividades de investigaci\u00f3n y difusi\u00f3n acad\u00e9micas sobre las culturas afroamericanas tanto en su influencia actual como en la conformaci\u00f3n de la identidad e idiosincrasia de nuestro pa\u00eds.<\/div>\n<div style=\"text-align: justify;\">Esta actividad se enmarca dentro del Decenio Internacional para los Afrodescendientes (ONU, Res. 68\/237) a nivel internacional, y del D\u00eda Nacional de los Afroargentinos y de la Cultura Afro (Ley Nro. 26.852).<\/div>\n<p><strong>Palabras de bienvenida:<\/strong>\u00a0 An\u00edbal Jozami (Rector UNTREF) y Hamurabi Noufouri (Director del Instituto y la Maestr\u00eda en Diversidad Cultural UNTREF)<\/p>\n<p><strong>Disertantes:<\/strong><\/p>\n<ul>\n<li>Carlos Lamadrid (Asociaci\u00f3n Misibamba)<\/li>\n<li>Alejandra Egido (Teatro en Sepia)<\/li>\n<li>Miriam Gomes (Asociaci\u00f3n de Socorros Mutuos Caboverdiana)<\/li>\n<li>Omer Freixa (UNTREF-UBA)<\/li>\n<\/ul>\n<p><strong>Modera:<\/strong>\u00a0Mar\u00eda Jos\u00e9 Becerra (UNTREF-UNC)<\/p>\n<p><strong>Contacto:<\/strong> <a href=\"mailto:maestriaendiversidad@untref.edu.ar\" target=\"_blank\" rel=\"noopener\">maestriaendiversidad@untref.<wbr \/>edu.ar<\/a><br \/>\n<img loading=\"lazy\" decoding=\"async\" class=\"CToWUd\" style=\"margin-top: 30px;\" src=\"https:\/\/ci5.googleusercontent.com\/proxy\/_U7Iylj3S3YcEpMoOMIqQDt01UawUqDYclxDfl2Lnhc4k73alerHbX8yyBCKyYDAyP-WZqO-2KJeC8yPYA=s0-d-e1-ft#http:\/\/untref.edu.ar\/flyers\/img\/000.png\" alt=\"Fecha y Lugar\" width=\"30\" height=\"32\" align=\"top\" border=\"0\" \/><\/p>\n<p><strong>Lunes 27 de agosto<\/strong>, de 18:00 a 20:00 hs.<\/p>\n<p><strong>Actividad no arancelada<\/strong><\/p>\n<p><strong>Sede Rectorado Centro<\/strong>, Auditorio<br \/>\n<a href=\"https:\/\/maps.google.com\/?q=Juncal+1319,+CABA&amp;entry=gmail&amp;source=g\">Juncal 1319, CABA<\/a><\/p>\n<p><strong>Organizan:<\/strong> Instituto y Maestr\u00eda en Diversidad Cultural, Especializaci\u00f3n en Estudios Afroamericanos e Instituto de Investigaci\u00f3n y Difusi\u00f3n de las Culturas Negras \u201cIle Ase Osum Doyo\u201d<\/p>\n<p>&nbsp;<\/p>\n","protected":false},"excerpt":{"rendered":"<p>II Jornadas de Culturas Afroamericanas Identidad y Cultura El objetivo de estas jornadas es visibilizar las distintas acciones que vienen realizando las organizaciones que militan por los derechos humanos de los afrodescendientes en el territorio argentino. Adem\u00e1s, se procura articular las actividades de investigaci\u00f3n y&hellip; <br \/><a class=\"more-link\" href=\"https:\/\/aladaa.com.ar\/asiayafrica\/ii-jornadas-de-culturas-afroamericanas-identidad-y-cultura-untref\/\">Continue reading <span class=\"screen-reader-text\">II Jornadas de Culturas Afroamericanas Identidad y Cultura, UNTREF<\/span><\/a><\/p>\n","protected":false},"author":1,"featured_media":1591,"comment_status":"closed","ping_status":"open","sticky":false,"template":"","format":"standard","meta":{"_jetpack_newsletter_access":"","_jetpack_dont_email_post_to_subs":false,"_jetpack_newsletter_tier_id":0,"_jetpack_memberships_contains_paywalled_content":false,"_jetpack_memberships_contains_paid_content":false,"footnotes":""},"categories":[7,5],"tags":[93,20,81,176,177,23],"class_list":["post-1615","post","type-post","status-publish","format-standard","has-post-thumbnail","hentry","category-nacionales","category-noticias","tag-afrodescendientes","tag-argentina","tag-buenos-aires","tag-diversidad-cultural","tag-maestria","tag-untref"],"jetpack_sharing_enabled":true,"jetpack_shortlink":"https:\/\/wp.me\/p9LsG3-q3","jetpack_likes_enabled":true,"jetpack-related-posts":[{"id":1371,"url":"https:\/\/aladaa.com.ar\/asiayafrica\/x-jornadas-de-historia-moderna-y-contemporanea-un-salta\/","url_meta":{"origin":1615,"position":0},"title":"X Jornadas de Historia Moderna y Contemporanea, UN Salta","author":"AladaaAr","date":"28\/04\/2018","format":false,"excerpt":"UNIVERSIDAD NACIONAL DE SALTA FACULTAD DE HUMANIDADES X JORNADAS DE HISTORIA MODERNA Y CONTEMPOR\u00c1NEA \u201cGuerra y paz en la Historia Moderna y Contempor\u00e1nea\u201d 29 al 31 de agosto de 2018, Universidad Nacional de Salta\u00a0 \u00a0 CONVOCATORIA A LA PRESENTACI\u00d3N DE RES\u00daMENES\u00a0 T\u00edtulo de la Mesa:\u00a0Religi\u00f3n, Pol\u00edtica y Migraciones en contextos\u2026","rel":"","context":"En &quot;Nacionales&quot;","block_context":{"text":"Nacionales","link":"https:\/\/aladaa.com.ar\/asiayafrica\/category\/nacionales\/"},"img":{"alt_text":"","src":"https:\/\/i0.wp.com\/aladaa.com.ar\/asiayafrica\/wp-content\/uploads\/2018\/04\/xjornadashistoriasmall.jpg?fit=640%2C291&ssl=1&resize=350%2C200","width":350,"height":200,"srcset":"https:\/\/i0.wp.com\/aladaa.com.ar\/asiayafrica\/wp-content\/uploads\/2018\/04\/xjornadashistoriasmall.jpg?fit=640%2C291&ssl=1&resize=350%2C200 1x, https:\/\/i0.wp.com\/aladaa.com.ar\/asiayafrica\/wp-content\/uploads\/2018\/04\/xjornadashistoriasmall.jpg?fit=640%2C291&ssl=1&resize=525%2C300 1.5x"},"classes":[]},{"id":1567,"url":"https:\/\/aladaa.com.ar\/asiayafrica\/humanidades-digitales-y-estudios-afrodescendientes-en-argentina\/","url_meta":{"origin":1615,"position":1},"title":"Humanidades Digitales y Estudios Afrodescendientes en Argentina","author":"AladaaAr","date":"29\/07\/2018","format":false,"excerpt":"El GEALA - Grupo de Estudios Afrolatinoamericanos presenta la charla: \"Humanidades digitales y estudios afrodescendientes en Argentina\" a cargo de Marisol Fila (Universidad de Michigan, EEUU). Jueves 2 de agosto, 16:00. Instituto Ravignani (UBA). Sala de Investigador_s. 25 de Mayo 221, piso 2. CABA. Esta presentaci\u00f3n propone analizar el uso\u2026","rel":"","context":"En &quot;Nacionales&quot;","block_context":{"text":"Nacionales","link":"https:\/\/aladaa.com.ar\/asiayafrica\/category\/nacionales\/"},"img":{"alt_text":"","src":"https:\/\/i0.wp.com\/aladaa.com.ar\/asiayafrica\/wp-content\/uploads\/2018\/04\/GEALA.png?fit=595%2C522&ssl=1&resize=350%2C200","width":350,"height":200,"srcset":"https:\/\/i0.wp.com\/aladaa.com.ar\/asiayafrica\/wp-content\/uploads\/2018\/04\/GEALA.png?fit=595%2C522&ssl=1&resize=350%2C200 1x, https:\/\/i0.wp.com\/aladaa.com.ar\/asiayafrica\/wp-content\/uploads\/2018\/04\/GEALA.png?fit=595%2C522&ssl=1&resize=525%2C300 1.5x"},"classes":[]},{"id":764,"url":"https:\/\/aladaa.com.ar\/asiayafrica\/proyecto-de-investigacion-mujeres-afrodescendientes-en-la-argentina\/","url_meta":{"origin":1615,"position":2},"title":"Proyecto de investigaci\u00f3n Mujeres Afrodescendientes en la Argentina","author":"AladaaAr","date":"05\/04\/2017","format":false,"excerpt":"La Asociaci\u00f3n de Mujeres Afrodescendientes en la Argentina TES-Todo en Sepia y GEALA-Grupo de Estudios Afrolatinoamericanos (Instituto Ravignani, UBA-Conicet) invitan a la presentaci\u00f3n de los primeros resultados del Proyecto de investigaci\u00f3n Certificar Nuestra Existencia Este proyecto multidisciplinar, que incluye el teatro, la etnograf\u00eda y la investigaci\u00f3n cuantitativa, busca conocer la\u2026","rel":"","context":"En &quot;Nacionales&quot;","block_context":{"text":"Nacionales","link":"https:\/\/aladaa.com.ar\/asiayafrica\/category\/nacionales\/"},"img":{"alt_text":"","src":"https:\/\/geala.files.wordpress.com\/2017\/04\/certificar-nuestra-existencia.jpg?w=350&h=200&crop=1","width":350,"height":200},"classes":[]},{"id":1426,"url":"https:\/\/aladaa.com.ar\/asiayafrica\/xi-seminario-internacional-politicas-de-la-memoria-memorias-subalternas-memorias-rebeldes\/","url_meta":{"origin":1615,"position":3},"title":"XI Seminario Internacional Politicas de la Memoria. Memorias subalternas, memorias rebeldes","author":"AladaaAr","date":"16\/05\/2018","format":false,"excerpt":"Convocatoria XI SEMINARIO INTERNACIONAL POL\u00cdTICAS DE LA MEMORIA. Mesa Discutiendo la \u201cdesaparici\u00f3n\u201d: Memorias y luchas afrodescendientes hist\u00f3ricas y\u00a0contempor\u00e1neas XI SEMINARIO INTERNACIONAL POL\u00cdTICAS DE LA MEMORIA Memorias subalternas, memorias rebeldes 4, 5 y 6 de Octubre de 2018 Centro Cultural de la Memoria Haroldo Conti, Av. del Libertador 8151. Buenos Aires,\u2026","rel":"","context":"En &quot;Nacionales&quot;","block_context":{"text":"Nacionales","link":"https:\/\/aladaa.com.ar\/asiayafrica\/category\/nacionales\/"},"img":{"alt_text":"","src":"https:\/\/i0.wp.com\/aladaa.com.ar\/asiayafrica\/wp-content\/uploads\/2018\/04\/GEALA.png?fit=595%2C522&ssl=1&resize=350%2C200","width":350,"height":200,"srcset":"https:\/\/i0.wp.com\/aladaa.com.ar\/asiayafrica\/wp-content\/uploads\/2018\/04\/GEALA.png?fit=595%2C522&ssl=1&resize=350%2C200 1x, https:\/\/i0.wp.com\/aladaa.com.ar\/asiayafrica\/wp-content\/uploads\/2018\/04\/GEALA.png?fit=595%2C522&ssl=1&resize=525%2C300 1.5x"},"classes":[]},{"id":1671,"url":"https:\/\/aladaa.com.ar\/asiayafrica\/libro-lo-que-aun-nos-pasa-con-el-islam-y-los-arabes-limitaciones-orientalistas-unc\/","url_meta":{"origin":1615,"position":4},"title":"Libro: Lo que a\u00fan nos pasa con el Islam y los \u00e1rabes. Limitaciones orientalistas, UNC","author":"AladaaAr","date":"12\/09\/2018","format":false,"excerpt":"El Programa de Estudios sobre Medio Oriente, Centro de Estudios Avanzados (CEA), Facultad de Ciencias Sociales (FCS), Universidad Nacional de C\u00f3rdoba (UNC) y el Departamento de Estudios Internacionales del Centro de Estudios de Investigaciones y Estudios sobre Cultura y Sociedad (CIECS)-CONICET, invitan a la presentaci\u00f3n del libro Lo que a\u00fan\u2026","rel":"","context":"En &quot;Nacionales&quot;","block_context":{"text":"Nacionales","link":"https:\/\/aladaa.com.ar\/asiayafrica\/category\/nacionales\/"},"img":{"alt_text":"","src":"https:\/\/i0.wp.com\/aladaa.com.ar\/asiayafrica\/wp-content\/uploads\/2018\/09\/Difusi%C3%B3n-evento-Noufouri-CEA-FCS-UNC-300x221.jpg?resize=350%2C200","width":350,"height":200},"classes":[]},{"id":450,"url":"https:\/\/aladaa.com.ar\/asiayafrica\/culturas-negras-culturas-juveniles-y-movimientos-sociales-resignificaciones-del-candombe-afro-uruguayo-en-buenos-aires\/","url_meta":{"origin":1615,"position":5},"title":"Culturas negras, culturas juveniles y movimientos sociales. Resignificaciones del candombe afro-uruguayo en Buenos Aires","author":"AladaaAr","date":"06\/06\/2016","format":false,"excerpt":"En el marco del ciclo de charlas organizadas por el GEALA-Grupo de Estudios Afrolatinoamericanos del Instituto Ravignani (UBA\/CONICET) invitamos a la charla Culturas negras, culturas juveniles y movimientos sociales. Resignificaciones del candombe afro-uruguayo en Buenos Aires que impartir\u00e1 la Dra. Eva Lamborghini el martes 7 de junio a las 17\u2026","rel":"","context":"En &quot;Nacionales&quot;","block_context":{"text":"Nacionales","link":"https:\/\/aladaa.com.ar\/asiayafrica\/category\/nacionales\/"},"img":{"alt_text":"","src":"","width":0,"height":0},"classes":[]}],"jetpack_featured_media_url":"https:\/\/i0.wp.com\/aladaa.com.ar\/asiayafrica\/wp-content\/uploads\/2018\/08\/logo_untref2.png?fit=227%2C203&ssl=1","_links":{"self":[{"href":"https:\/\/aladaa.com.ar\/asiayafrica\/wp-json\/wp\/v2\/posts\/1615","targetHints":{"allow":["GET"]}}],"collection":[{"href":"https:\/\/aladaa.com.ar\/asiayafrica\/wp-json\/wp\/v2\/posts"}],"about":[{"href":"https:\/\/aladaa.com.ar\/asiayafrica\/wp-json\/wp\/v2\/types\/post"}],"author":[{"embeddable":true,"href":"https:\/\/aladaa.com.ar\/asiayafrica\/wp-json\/wp\/v2\/users\/1"}],"replies":[{"embeddable":true,"href":"https:\/\/aladaa.com.ar\/asiayafrica\/wp-json\/wp\/v2\/comments?post=1615"}],"version-history":[{"count":1,"href":"https:\/\/aladaa.com.ar\/asiayafrica\/wp-json\/wp\/v2\/posts\/1615\/revisions"}],"predecessor-version":[{"id":1617,"href":"https:\/\/aladaa.com.ar\/asiayafrica\/wp-json\/wp\/v2\/posts\/1615\/revisions\/1617"}],"wp:featuredmedia":[{"embeddable":true,"href":"https:\/\/aladaa.com.ar\/asiayafrica\/wp-json\/wp\/v2\/media\/1591"}],"wp:attachment":[{"href":"https:\/\/aladaa.com.ar\/asiayafrica\/wp-json\/wp\/v2\/media?parent=1615"}],"wp:term":[{"taxonomy":"category","embeddable":true,"href":"https:\/\/aladaa.com.ar\/asiayafrica\/wp-json\/wp\/v2\/categories?post=1615"},{"taxonomy":"post_tag","embeddable":true,"href":"https:\/\/aladaa.com.ar\/asiayafrica\/wp-json\/wp\/v2\/tags?post=1615"}],"curies":[{"name":"wp","href":"https:\/\/api.w.org\/{rel}","templated":true}]}}