{"id":364,"date":"2016-04-20T23:51:05","date_gmt":"2016-04-21T02:51:05","guid":{"rendered":"http:\/\/aladaa.com.ar\/asiayafrica\/?p=364"},"modified":"2016-04-20T23:51:05","modified_gmt":"2016-04-21T02:51:05","slug":"la-situacion-del-tibet-hoy-cechimex","status":"publish","type":"post","link":"http:\/\/aladaa.com.ar\/asiayafrica\/la-situacion-del-tibet-hoy-cechimex\/","title":{"rendered":"La situaci\u00f3n del Tibet hoy &#8211; Cechimex"},"content":{"rendered":"<p>Estimados amigos e interesados en China y la relaci\u00f3n M\u00e9xico-China:<\/p>\n<p>Por este medio les informamos sobre la conferencia &#8220;LA SITUACION DEL TIBET HOY&#8221; impartida por el Sr. Qizhala el lunes 25 de abril a las 9.30am.<\/p>\n<p>El evento se llevar\u00e1 a cabo con traducci\u00f3n en el Auditorio Narciso Bassols, planta baja del Edificio Anexo de la Facultad de Econom\u00eda, Ciudad Universitaria UNAM.<\/p>\n<p>Mayores informes al 56222195 y ver el mapa de ubicaci\u00f3n en: <a href=\"http:\/\/www.economia.unam.mx\/cechimex\/index.php\/es\/contacto\" target=\"_blank\" rel=\"noreferrer\">http:\/\/www.economia.unam.mx\/<wbr \/>cechimex\/index.php\/es\/contacto<\/a><wbr \/>.<\/p>\n<p>Sugerimos mucho llegar incluso antes del inicio del evento ante el registro e inter\u00e9s que ha generado el evento.<\/p>\n<p>Participar\u00e1n tambi\u00e9n el Sr. Lin Ji, Ministro Consejero y actualmente Encargado de Negocios por la ausencia del Embajador de China en M\u00e9xico, el Sr. Qiu\u00a0\u00a0 Xiaoqi, as\u00ed como el Dr.\u00a0 Enrique Dussel Peters, Coordinador del\u00a0 Cechimex.<\/p>\n<p>El Sr. QIZHALA es Secretario del Partido Comunista de Lhasa, capital de la Regi\u00f3n Aut\u00f3noma del T\u00edbet y miembro de la D\u00e9cima Asamblea Popular de China,\u00a0 as\u00ed como de la Asamblea Popular de la Regi\u00f3n Aut\u00f3noma del\u00a0 T\u00edbet.<\/p>\n<p>Nos permitimos de igual forma informarles que:<\/p>\n<p>1. La Facultad de Econom\u00eda de la UNAM est\u00e1 ofreciendo un\u00a0 curso titulado &#8220;Financiariarizaci\u00f3n en\u00a0 India y China&#8221; impartido por la Profesora Sunanda Sen (Jamia Millia\u00a0 Islamia Academia of International Studies, India) el martes,\u00a0 mi\u00e9rcoles y jueves 26-28 de abril de 12-14.30 hrs. (UNAM, Facultad de Econom\u00eda, Edificio B, Ciudad Universitaria). Para\u00a0 informes, escribir a: seminariofinanciarizaci\u00f3n@<wbr \/>gmail.com<\/p>\n<p>2. Los invitamos a las conferencias impartidas por el Dr. Arne Westad (Kennedy School of Government, Universidad de Harvard) que impartir\u00e1 el 14 y 26 de abril, en ambos casos a las 18 hrs. en el Colegio de\u00a0 M\u00e9xico<\/p>\n<p>3. El &#8220;Monitor de la OFDI China en Am\u00e9rica Latina y el Caribe. El caso de M\u00e9xico&#8221; ya se encuentra disponible en: <a href=\"http:\/\/www.redalc-china.org\/monitor\/2016-01-10-23-03-18\" target=\"_blank\" rel=\"noreferrer\">http:\/\/www.redalc-china.org\/<wbr \/>monitor\/2016-01-10-23-03-18<\/a><\/p>\n<p>4. Los Cuadernos de Trabajo del Cechimex los invitan a revisar el \u00faltimo n\u00famero titulado &#8220;El Banco Popular de China y su pol\u00edtica crediticia&#8221; de Rub\u00e9n Hern\u00e1ndez Cordero que puede accederse en: <a href=\"http:\/\/www.economia.unam.mx\/cechimex\/index.php\/es\/cuadernos\" target=\"_blank\" rel=\"noreferrer\">http:\/\/www.economia.unam.mx\/<wbr \/>cechimex\/index.php\/es\/<wbr \/>cuadernos<\/a><\/p>\n<p>5. La Red Acad\u00e9mica de Am\u00e9rica Latina y el Caribe sobre China (Red ALC-China) ya ha puesto a\u00a0 su disposici\u00f3n el programa del Tercer Seminario Internacional a llevarse a cabo el 30-31 de mayo y 1 de junio de 2016. El programa y toda la informaci\u00f3n requerida se encuentra disponible en: <a href=\"http:\/\/www.redalc-china.org\/v21\/es-es\/mn-actividades\/seminarios\" target=\"_blank\" rel=\"noreferrer\">http:\/\/www.redalc-china.org\/<wbr \/>v21\/es-es\/mn-actividades\/<wbr \/>seminarios<\/a>.<\/p>\n<p>GRACIAS DE ANTEMANO POR REGISTRARSE PARA ASISTIR AL\u00a0 EVENTO Y DIFUNDIR LA INFORMACI\u00d3N.<\/p>\n<p>Saludos, enrique dussel peters<br \/>\nDr. Enrique Dussel Peters<br \/>\nProfesor<br \/>\nPosgrado en Econom\u00eda<br \/>\nCoordinador<br \/>\nCentro de Estudios China-M\u00e9xico<br \/>\nFacultad de Econom\u00eda<br \/>\nUniversidad Nacional Aut\u00f3noma de M\u00e9xico<br \/>\nVis\u00edtanos en Facebook:<br \/>\n@Centro de estudios China_M\u00e9xico UNAM<br \/>\n@Cuadernos de trabajo del Cechimex FE UNAM<br \/>\nEn Twitter:<br \/>\n@Cechimex_UNAM<br \/>\n<a href=\"http:\/\/www.economia.unam.mx\/cechimex\" target=\"_blank\" rel=\"noreferrer\">http:\/\/www.economia.unam.mx\/<wbr \/>cechimex<\/a><br \/>\n<a href=\"http:\/\/dusselpeters.com\/\" target=\"_blank\" rel=\"noreferrer\">http:\/\/dusselpeters.com\/<\/a><\/p>\n<p>Cechimex<br \/>\nCentro de Estudios China-M\u00e9xico<br \/>\nFacultad de Econom\u00eda, UNAM CU<br \/>\n56 22 21 95<br \/>\n<a href=\"http:\/\/www.economia.unam.mx\/cechimex\" target=\"_blank\" rel=\"noreferrer\">www.economia.unam.mx\/cechimex<\/a><br \/>\nFacebook: @Centro de Estudios China-M\u00e9xico UNAM<br \/>\nTwitter: @Cechimex_UNAM<\/p>\n","protected":false},"excerpt":{"rendered":"<p>Estimados amigos e interesados en China y la relaci\u00f3n M\u00e9xico-China: Por este medio les informamos sobre la conferencia &#8220;LA SITUACION DEL TIBET HOY&#8221; impartida por el Sr. Qizhala el lunes 25 de abril a las 9.30am. El evento se llevar\u00e1 a cabo con traducci\u00f3n en&hellip; <br \/><a class=\"more-link\" href=\"http:\/\/aladaa.com.ar\/asiayafrica\/la-situacion-del-tibet-hoy-cechimex\/\">Continue reading <span class=\"screen-reader-text\">La situaci\u00f3n del Tibet hoy &#8211; Cechimex<\/span><\/a><\/p>\n","protected":false},"author":1,"featured_media":0,"comment_status":"closed","ping_status":"open","sticky":false,"template":"","format":"standard","meta":{"_jetpack_newsletter_access":"","_jetpack_dont_email_post_to_subs":false,"_jetpack_newsletter_tier_id":0,"_jetpack_memberships_contains_paywalled_content":false,"_jetpack_memberships_contains_paid_content":false,"footnotes":""},"categories":[8,5],"tags":[],"class_list":["post-364","post","type-post","status-publish","format-standard","hentry","category-internacionales","category-noticias"],"jetpack_featured_media_url":"","jetpack_sharing_enabled":true,"jetpack_shortlink":"https:\/\/wp.me\/p9LsG3-5S","jetpack_likes_enabled":true,"jetpack-related-posts":[{"id":787,"url":"http:\/\/aladaa.com.ar\/asiayafrica\/propuesta-y-experiencia-de-baic-en-mexico\/","url_meta":{"origin":364,"position":0},"title":"Propuesta y experiencia de BAIC en Mexico","author":"AladaaAr","date":"27\/04\/2017","format":false,"excerpt":"Estimados amigos e interesados en China y la relaci\u00f3n M\u00e9xico-China: Por este medio les informamos sobre la pr\u00f3xima presentaci\u00f3n en el Ciclo de Conferencias del CECHIMEX titulada: \"PROPUESTA Y EXPERIENCIA DE BAIC EN MEXICO\" (en ingl\u00e9s) e impartida por PATRICK YANG el mi\u00e9rcoles 3 de mayo a las 10am. El\u2026","rel":"","context":"En &quot;Internacionales&quot;","block_context":{"text":"Internacionales","link":"http:\/\/aladaa.com.ar\/asiayafrica\/category\/internacionales\/"},"img":{"alt_text":"","src":"","width":0,"height":0},"classes":[]},{"id":1669,"url":"http:\/\/aladaa.com.ar\/asiayafrica\/noticias-del-cechimex-4\/","url_meta":{"origin":364,"position":1},"title":"Noticias del Cechimex","author":"AladaaAr","date":"12\/09\/2018","format":false,"excerpt":"Estimados amigos e interesados en China y la relaci\u00f3n M\u00e9xico-China:\u00a0 Por este medio les recordamos la presentaci\u00f3n del Ciclo de Conferencias del Cechimex con el tema: \"HACIA UNA AGENDA ESTRAT\u00c9GICA ENTRE M\u00c9XICO Y CHINA\" impartida por SIM\u00d3N LEVY DABBAH, ENRIQUE DUSSEL PETERS (coordinadores) y los autores del documento (EUGENIO ANGUIANO,\u2026","rel":"","context":"En &quot;Internacionales&quot;","block_context":{"text":"Internacionales","link":"http:\/\/aladaa.com.ar\/asiayafrica\/category\/internacionales\/"},"img":{"alt_text":"","src":"","width":0,"height":0},"classes":[]},{"id":1649,"url":"http:\/\/aladaa.com.ar\/asiayafrica\/noticias-del-cechimex-3\/","url_meta":{"origin":364,"position":2},"title":"Noticias del Cechimex","author":"AladaaAr","date":"04\/09\/2018","format":false,"excerpt":"Estimados amigos e interesados en China y la relaci\u00f3n M\u00e9xico-China:\u00a0 Por este medio les invitamos al Ciclo de Conferencias del Cechimex con el tema: \"HACIA UNA AGENDA ESTRAT\u00c9GICA ENTRE M\u00c9XICO Y CHINA\" impartida por SIM\u00d3N LEVY DABBAH, ENRIQUE DUSSEL PETERS (coordinadores) y los autores del documento (EUGENIO ANGUIANO, LILJANA ARSOVSKA,\u2026","rel":"","context":"En &quot;Internacionales&quot;","block_context":{"text":"Internacionales","link":"http:\/\/aladaa.com.ar\/asiayafrica\/category\/internacionales\/"},"img":{"alt_text":"","src":"","width":0,"height":0},"classes":[]},{"id":1621,"url":"http:\/\/aladaa.com.ar\/asiayafrica\/noticias-del-cechimex-2\/","url_meta":{"origin":364,"position":3},"title":"Noticias del Cechimex","author":"AladaaAr","date":"23\/08\/2018","format":false,"excerpt":"Estimados amigos e interesados en China y la relaci\u00f3n M\u00e9xico-China:\u00a0 Por este medio les invitamos al Ciclo de Conferencias del Cechimex con el tema: \"LA EXPERIENCIA DE M\u00c9XICO EN EL FORO CELAC-CHINA: condiciones y potencial\" impartida por el SUBSECRETARIO LUIS ALFONSO DE ALBA G\u00d3NGORA el mi\u00e9rcoles 29 de agosto a\u2026","rel":"","context":"En &quot;Internacionales&quot;","block_context":{"text":"Internacionales","link":"http:\/\/aladaa.com.ar\/asiayafrica\/category\/internacionales\/"},"img":{"alt_text":"","src":"","width":0,"height":0},"classes":[]},{"id":1578,"url":"http:\/\/aladaa.com.ar\/asiayafrica\/noticias-del-cechimex\/","url_meta":{"origin":364,"position":4},"title":"Noticias del CeChiMex","author":"AladaaAr","date":"10\/08\/2018","format":false,"excerpt":"Estimados amigos e interesados en China y la relaci\u00f3n M\u00e9xico-China:\u00a0 Por este medio les informamos que el Ciclo de Conferencias del Cechimex inicia este semestre con un grupo de conferencias y con la presentaci\u00f3n del libro: \"BUILDING DEVELOPMENT FOR A NEW ERA. CHINA\u00b4S INFRASTRUCTURE PROJECTS IN LATIN AMERICA AND THE\u2026","rel":"","context":"En &quot;Internacionales&quot;","block_context":{"text":"Internacionales","link":"http:\/\/aladaa.com.ar\/asiayafrica\/category\/internacionales\/"},"img":{"alt_text":"","src":"","width":0,"height":0},"classes":[]},{"id":405,"url":"http:\/\/aladaa.com.ar\/asiayafrica\/actividades-china-mexico\/","url_meta":{"origin":364,"position":5},"title":"Actividades China-M\u00e9xico","author":"AladaaAr","date":"11\/05\/2016","format":false,"excerpt":"Estimados amigos e interesados en China y la relaci\u00f3n M\u00e9xico-China: Por este medio les informamos sobre la conferencia \"MOVILIDAD ACAD\u00c9MICA ENTRE LA UNAM Y CHINA. CONDICIONES Y RETOS\" impartida por el DR. FEDERICO GUILLERMO FERN\u00c1NDEZ CHRISTLIEB el mi\u00e9rcoles 18 de mayo\u00a0 a las 10am. El evento se llevar\u00e1 a cabo\u2026","rel":"","context":"En &quot;Internacionales&quot;","block_context":{"text":"Internacionales","link":"http:\/\/aladaa.com.ar\/asiayafrica\/category\/internacionales\/"},"img":{"alt_text":"","src":"https:\/\/i0.wp.com\/www.economia.unam.mx\/deschimex\/cechimex\/templates\/beez_20\/images\/personal\/cabeza_16.jpg?resize=350%2C200","width":350,"height":200,"srcset":"https:\/\/i0.wp.com\/www.economia.unam.mx\/deschimex\/cechimex\/templates\/beez_20\/images\/personal\/cabeza_16.jpg?resize=350%2C200 1x, https:\/\/i0.wp.com\/www.economia.unam.mx\/deschimex\/cechimex\/templates\/beez_20\/images\/personal\/cabeza_16.jpg?resize=525%2C300 1.5x"},"classes":[]}],"_links":{"self":[{"href":"http:\/\/aladaa.com.ar\/asiayafrica\/wp-json\/wp\/v2\/posts\/364","targetHints":{"allow":["GET"]}}],"collection":[{"href":"http:\/\/aladaa.com.ar\/asiayafrica\/wp-json\/wp\/v2\/posts"}],"about":[{"href":"http:\/\/aladaa.com.ar\/asiayafrica\/wp-json\/wp\/v2\/types\/post"}],"author":[{"embeddable":true,"href":"http:\/\/aladaa.com.ar\/asiayafrica\/wp-json\/wp\/v2\/users\/1"}],"replies":[{"embeddable":true,"href":"http:\/\/aladaa.com.ar\/asiayafrica\/wp-json\/wp\/v2\/comments?post=364"}],"version-history":[{"count":1,"href":"http:\/\/aladaa.com.ar\/asiayafrica\/wp-json\/wp\/v2\/posts\/364\/revisions"}],"predecessor-version":[{"id":365,"href":"http:\/\/aladaa.com.ar\/asiayafrica\/wp-json\/wp\/v2\/posts\/364\/revisions\/365"}],"wp:attachment":[{"href":"http:\/\/aladaa.com.ar\/asiayafrica\/wp-json\/wp\/v2\/media?parent=364"}],"wp:term":[{"taxonomy":"category","embeddable":true,"href":"http:\/\/aladaa.com.ar\/asiayafrica\/wp-json\/wp\/v2\/categories?post=364"},{"taxonomy":"post_tag","embeddable":true,"href":"http:\/\/aladaa.com.ar\/asiayafrica\/wp-json\/wp\/v2\/tags?post=364"}],"curies":[{"name":"wp","href":"https:\/\/api.w.org\/{rel}","templated":true}]}}