{"id":2217,"date":"2026-09-04T18:32:02","date_gmt":"2026-09-04T21:32:02","guid":{"rendered":"https:\/\/aladaa.com.ar\/asiayafrica\/?p=2217"},"modified":"2026-09-04T18:32:02","modified_gmt":"2026-09-04T21:32:02","slug":"xii-congreso-nacional-de-aladaa-argentina-2026","status":"publish","type":"post","link":"http:\/\/aladaa.com.ar\/asiayafrica\/xii-congreso-nacional-de-aladaa-argentina-2026\/","title":{"rendered":"XII CONGRESO NACIONAL DE ALADAA Argentina 2026"},"content":{"rendered":"\n<p>La <strong>Asociaci\u00f3n Latinoamericana de Estudios de Asia y \u00c1frica (ALADAA) Secci\u00f3n Argentina<\/strong> convoca al <strong><em>XII CONGRESO NACIONAL DE ALADAA Argentina Asia y \u00c1frica desde Argentina. Perspectivas de la periferizaci\u00f3n a la conformaci\u00f3n de un Sur Global<\/em><\/strong> .<\/p>\n\n\n\n<p>El mismo se llevar\u00e1 a cabo los d\u00edas <strong>3, 4, y 5 de diciembre de 2026<\/strong> en la <strong>Universidad Nacional de General Sarmiento <\/strong>(Juan M. Guti\u00e9rrez 1150, Los Polvorines, Provincia de Buenos Aires).<\/p>\n\n\n\n<p><strong>FECHAS IMPORTANTES<\/strong>: <\/p>\n\n\n\n<p><strong>29 de agosto al 15 de septiembre<\/strong>: Env\u00edo de propuestas de mesas y res\u00famenes de ponencias <br><strong>21 de septiembre: <\/strong>Publicaci\u00f3n de propuestas de mesas aceptadas <br><strong>22 de septiembre al 10 de noviembre: <\/strong>Recepci\u00f3n de res\u00famenes de ponencias <br><strong>25 de noviembre: <\/strong>Publicaci\u00f3n de res\u00famenes de ponencias aceptados <br><strong>25 de noviembre a 3 de diciembre: <\/strong>Pago de las inscripciones al Congreso \/ Membres\u00eda bianual <br><strong>30 de marzo de 2027: <\/strong>Fecha l\u00edmite para enviar los textos de las ponencias para publicaci\u00f3n en Actas.<\/p>\n\n\n\n<p>M\u00e1s informaci\u00f3n en el archivo adjunto:<\/p>\n\n\n\n<div data-wp-interactive=\"core\/file\" class=\"wp-block-file\"><object data-wp-bind--hidden=\"!state.hasPdfPreview\" hidden class=\"wp-block-file__embed\" data=\"https:\/\/aladaa.com.ar\/asiayafrica\/wp-content\/uploads\/2026\/09\/ALADAA-Argentina-Congreso-2026-Primera-Circular.pdf\" type=\"application\/pdf\" style=\"width:100%;height:600px\" aria-label=\"Incrustado de ALADAA Argentina Congreso 2026-Primera Circular.\"><\/object><a id=\"wp-block-file--media-f9fab7f8-3fa5-4faa-a330-dab3734572b4\" href=\"https:\/\/aladaa.com.ar\/asiayafrica\/wp-content\/uploads\/2026\/09\/ALADAA-Argentina-Congreso-2026-Primera-Circular.pdf\">ALADAA Argentina Congreso 2026-Primera Circular<\/a><a href=\"https:\/\/aladaa.com.ar\/asiayafrica\/wp-content\/uploads\/2026\/09\/ALADAA-Argentina-Congreso-2026-Primera-Circular.pdf\" class=\"wp-block-file__button wp-element-button\" download aria-describedby=\"wp-block-file--media-f9fab7f8-3fa5-4faa-a330-dab3734572b4\">Descarga<\/a><\/div>\n\n\n\n<p><\/p>\n","protected":false},"excerpt":{"rendered":"<p>La Asociaci\u00f3n Latinoamericana de Estudios de Asia y \u00c1frica (ALADAA) Secci\u00f3n Argentina convoca al XII CONGRESO NACIONAL DE ALADAA Argentina Asia y \u00c1frica desde Argentina. Perspectivas de la periferizaci\u00f3n a la conformaci\u00f3n de un Sur Global . El mismo se llevar\u00e1 a cabo los d\u00edas&hellip; <br \/><a class=\"more-link\" href=\"http:\/\/aladaa.com.ar\/asiayafrica\/xii-congreso-nacional-de-aladaa-argentina-2026\/\">Continue reading <span class=\"screen-reader-text\">XII CONGRESO NACIONAL DE ALADAA Argentina 2026<\/span><\/a><\/p>\n","protected":false},"author":1,"featured_media":1744,"comment_status":"closed","ping_status":"open","sticky":false,"template":"","format":"standard","meta":{"_jetpack_newsletter_access":"","_jetpack_dont_email_post_to_subs":false,"_jetpack_newsletter_tier_id":0,"_jetpack_memberships_contains_paywalled_content":false,"_jetpack_memberships_contains_paid_content":false,"footnotes":""},"categories":[219,40,7,5,1],"tags":[14,20,81,239],"class_list":["post-2217","post","type-post","status-publish","format-standard","has-post-thumbnail","hentry","category-congresos","category-destacadas","category-nacionales","category-noticias","category-varia","tag-aladaa","tag-argentina","tag-buenos-aires","tag-congresos"],"jetpack_sharing_enabled":true,"jetpack_shortlink":"https:\/\/wp.me\/p9LsG3-zL","jetpack_likes_enabled":true,"jetpack-related-posts":[{"id":2138,"url":"http:\/\/aladaa.com.ar\/asiayafrica\/xix-congreso-internacional-de-aladaa\/","url_meta":{"origin":2217,"position":0},"title":"XIX CONGRESO INTERNACIONAL DE ALADAA","author":"AladaaAr","date":"09\/10\/2025","format":false,"excerpt":"La Asociaci\u00f3n Latinoamericana de Estudios de Asia y \u00c1frica (ALADAA).\u00a0 Cap\u00edtulos Argentina, Bolivia, Paraguay y Uruguay convocan al\u00a0XIX CONGRESO INTERNACIONAL DE ALADAA\u00a0Y CELEBRACI\u00d3N DE LOS 50 A\u00d1OS DE ALADAA.\u00a0En conmemoraci\u00f3n de los setenta a\u00f1os de la Conferencia de Bandung. \"EL SUR GLOBAL EN ASCENSO: PERSPECTIVAS SOBRE LA PROYECCI\u00d3N DE \u00c1FRICA,\u2026","rel":"","context":"En &quot;Congresos&quot;","block_context":{"text":"Congresos","link":"http:\/\/aladaa.com.ar\/asiayafrica\/category\/congresos\/"},"img":{"alt_text":"","src":"","width":0,"height":0},"classes":[]},{"id":1901,"url":"http:\/\/aladaa.com.ar\/asiayafrica\/x-congreso-nacional-de-aladaa-argentina\/","url_meta":{"origin":2217,"position":1},"title":"X Congreso Nacional de ALADAA Argentina","author":"AladaaAr","date":"04\/06\/2022","format":false,"excerpt":"\u201cLas sociedades de Asia y \u00c1frica en el contexto global post-pandemia\u201d 21 al 23 de septiembre de 2022 - Modalidad en l\u00ednea. C\u00f3rdoba Capital, Argentina Cronograma Presentaci\u00f3n de mesas tem\u00e1ticas: hasta el 22 de mayo de 2022 v\u00eda GoogleFormsEnv\u00edo de res\u00famenes: hasta el 10 de julio de 2022 via GoogleFormsComunicaci\u00f3n\u2026","rel":"","context":"En &quot;Varios&quot;","block_context":{"text":"Varios","link":"http:\/\/aladaa.com.ar\/asiayafrica\/category\/varia\/"},"img":{"alt_text":"","src":"https:\/\/i0.wp.com\/aladaa.com.ar\/asiayafrica\/wp-content\/uploads\/2022\/06\/X-Congreso_Aladaa_Ar-flyer.png?fit=332%2C456&ssl=1&resize=350%2C200","width":350,"height":200},"classes":[]},{"id":1914,"url":"http:\/\/aladaa.com.ar\/asiayafrica\/3a-circular-y-prorroga-x-congreso-nacional-aladaa-argentina\/","url_meta":{"origin":2217,"position":2},"title":"3a Circular y pr\u00f3rroga. X Congreso Nacional ALADAA Argentina","author":"AladaaAr","date":"04\/07\/2022","format":false,"excerpt":"Cronograma de actividades:Env\u00edo de res\u00famenes (prorrogado): hasta el 24 de julio de 2022.Comunicaci\u00f3n de aceptaci\u00f3n de res\u00famenes: hasta el 18 de julio de 2022Env\u00edo de ponencias completas: hasta el 16 de septiembre de 2022Realizaci\u00f3n del evento: 21 al 23 de septiembre de 2022 ALADAA_2022_3a_Circular_y_Prorroga.pdfDescarga","rel":"","context":"En &quot;Congresos&quot;","block_context":{"text":"Congresos","link":"http:\/\/aladaa.com.ar\/asiayafrica\/category\/congresos\/"},"img":{"alt_text":"","src":"","width":0,"height":0},"classes":[]},{"id":1833,"url":"http:\/\/aladaa.com.ar\/asiayafrica\/programa-y-resumenes-congreso-aladaa-argentina-2019\/","url_meta":{"origin":2217,"position":3},"title":"Programa y res\u00famenes Congreso Aladaa Argentina 2019","author":"AladaaAr","date":"13\/08\/2019","format":false,"excerpt":"Compartimos con ustedes el Programa definitivo y los res\u00famenes del IX Congreso Nacional de ALADAA Argentina \u201cCulturas en movimiento: potencialidades y desaf\u00edos en la globalizaci\u00f3n. Asia y \u00c1frica desde Am\u00e9rica Latina\u201d que se llevar\u00e1 a cabo en R\u00edo Cuarto, C\u00f3rdoba, Rep\u00fablica Argentina, los d\u00edas 22 y 23 de Agosto de\u2026","rel":"","context":"En &quot;Nacionales&quot;","block_context":{"text":"Nacionales","link":"http:\/\/aladaa.com.ar\/asiayafrica\/category\/nacionales\/"},"img":{"alt_text":"","src":"https:\/\/i0.wp.com\/aladaa.com.ar\/asiayafrica\/wp-content\/uploads\/2019\/08\/aladaa_fondo_banner.jpg?fit=640%2C354&ssl=1&resize=350%2C200","width":350,"height":200,"srcset":"https:\/\/i0.wp.com\/aladaa.com.ar\/asiayafrica\/wp-content\/uploads\/2019\/08\/aladaa_fondo_banner.jpg?fit=640%2C354&ssl=1&resize=350%2C200 1x, https:\/\/i0.wp.com\/aladaa.com.ar\/asiayafrica\/wp-content\/uploads\/2019\/08\/aladaa_fondo_banner.jpg?fit=640%2C354&ssl=1&resize=525%2C300 1.5x"},"classes":[]},{"id":1016,"url":"http:\/\/aladaa.com.ar\/asiayafrica\/congreso-internac-aladaa-2018-extension-fecha-para-envio-de-resumenes\/","url_meta":{"origin":2217,"position":4},"title":"CONGRESO INTERNAC ALADAA, 2018: EXTENSI\u00d3N FECHA PARA ENV\u00cdO DE RES\u00daMENES","author":"AladaaAr","date":"28\/01\/2018","format":false,"excerpt":"Estimados colegas, la organizaci\u00f3n del Congreso Internacional de ALADAA, 2018, que se celebrar\u00e1 en Lima, Per\u00fa, comunic\u00f3 que ha extendido la fecha l\u00edmite para env\u00edo de propuestas de ponencias (res\u00famenes) hasta el 28 de marzo de 2018, atendiendo a distintos pedidos recibidos. Recuerden que se\u00a0\u00a0debe presentar el t\u00edtulo de la\u2026","rel":"","context":"En &quot;Varios&quot;","block_context":{"text":"Varios","link":"http:\/\/aladaa.com.ar\/asiayafrica\/category\/varia\/"},"img":{"alt_text":"","src":"","width":0,"height":0},"classes":[]},{"id":2054,"url":"http:\/\/aladaa.com.ar\/asiayafrica\/cuarta-circular-xi-congreso-nacional-de-aladaa-argentina\/","url_meta":{"origin":2217,"position":5},"title":"Cuarta Circular \u2013 XI Congreso Nacional de ALADAA Argentina","author":"AladaaAr","date":"16\/10\/2024","format":false,"excerpt":"\u201cLa Cooperaci\u00f3n Intercultural entre Am\u00e9rica Latina, \u00c1frica y Asia: oportunidades, desaf\u00edos y alternativas frente a la incertidumbre del orden internacional contempor\u00e1neo\u201d \u00a0\u00a0\u00a0\u00a0\u00a0\u00a0\u00a0\u00a0\u00a0\u00a0\u00a0 \u201c30 aniversario del fin del apartheid en Sud\u00e1frica\u201d \u00a0\u00a0\u00a0\u00a0\u00a0\u00a0\u00a0\u00a0\u00a0\u00a0\u00a0 \u201c25 aniversario de la creaci\u00f3n de FOCALAE\u201d Mor\u00f3n, 20 al 22 de noviembre de 2024 - Modalidad h\u00edbrida Medios\u2026","rel":"","context":"En &quot;Congresos&quot;","block_context":{"text":"Congresos","link":"http:\/\/aladaa.com.ar\/asiayafrica\/category\/congresos\/"},"img":{"alt_text":"","src":"https:\/\/i0.wp.com\/aladaa.com.ar\/asiayafrica\/wp-content\/uploads\/2024\/10\/Cuarto-Flyer-XI-Congreso-Nacional-ALADAA-UM-nov-2024.jpg?fit=927%2C1200&ssl=1&resize=350%2C200","width":350,"height":200,"srcset":"https:\/\/i0.wp.com\/aladaa.com.ar\/asiayafrica\/wp-content\/uploads\/2024\/10\/Cuarto-Flyer-XI-Congreso-Nacional-ALADAA-UM-nov-2024.jpg?fit=927%2C1200&ssl=1&resize=350%2C200 1x, https:\/\/i0.wp.com\/aladaa.com.ar\/asiayafrica\/wp-content\/uploads\/2024\/10\/Cuarto-Flyer-XI-Congreso-Nacional-ALADAA-UM-nov-2024.jpg?fit=927%2C1200&ssl=1&resize=525%2C300 1.5x, https:\/\/i0.wp.com\/aladaa.com.ar\/asiayafrica\/wp-content\/uploads\/2024\/10\/Cuarto-Flyer-XI-Congreso-Nacional-ALADAA-UM-nov-2024.jpg?fit=927%2C1200&ssl=1&resize=700%2C400 2x"},"classes":[]}],"jetpack_featured_media_url":"https:\/\/i0.wp.com\/aladaa.com.ar\/asiayafrica\/wp-content\/uploads\/2018\/11\/ALADAA-fb-perfil.jpg?fit=180%2C180&ssl=1","_links":{"self":[{"href":"http:\/\/aladaa.com.ar\/asiayafrica\/wp-json\/wp\/v2\/posts\/2217","targetHints":{"allow":["GET"]}}],"collection":[{"href":"http:\/\/aladaa.com.ar\/asiayafrica\/wp-json\/wp\/v2\/posts"}],"about":[{"href":"http:\/\/aladaa.com.ar\/asiayafrica\/wp-json\/wp\/v2\/types\/post"}],"author":[{"embeddable":true,"href":"http:\/\/aladaa.com.ar\/asiayafrica\/wp-json\/wp\/v2\/users\/1"}],"replies":[{"embeddable":true,"href":"http:\/\/aladaa.com.ar\/asiayafrica\/wp-json\/wp\/v2\/comments?post=2217"}],"version-history":[{"count":2,"href":"http:\/\/aladaa.com.ar\/asiayafrica\/wp-json\/wp\/v2\/posts\/2217\/revisions"}],"predecessor-version":[{"id":2220,"href":"http:\/\/aladaa.com.ar\/asiayafrica\/wp-json\/wp\/v2\/posts\/2217\/revisions\/2220"}],"wp:featuredmedia":[{"embeddable":true,"href":"http:\/\/aladaa.com.ar\/asiayafrica\/wp-json\/wp\/v2\/media\/1744"}],"wp:attachment":[{"href":"http:\/\/aladaa.com.ar\/asiayafrica\/wp-json\/wp\/v2\/media?parent=2217"}],"wp:term":[{"taxonomy":"category","embeddable":true,"href":"http:\/\/aladaa.com.ar\/asiayafrica\/wp-json\/wp\/v2\/categories?post=2217"},{"taxonomy":"post_tag","embeddable":true,"href":"http:\/\/aladaa.com.ar\/asiayafrica\/wp-json\/wp\/v2\/tags?post=2217"}],"curies":[{"name":"wp","href":"https:\/\/api.w.org\/{rel}","templated":true}]}}