{"id":2214,"date":"2026-09-03T15:37:25","date_gmt":"2026-09-03T18:37:25","guid":{"rendered":"https:\/\/aladaa.com.ar\/asiayafrica\/?p=2214"},"modified":"2026-09-03T15:37:25","modified_gmt":"2026-09-03T18:37:25","slug":"curso-de-doctorado-historia-contemporanea-de-la-peninsula-de-corea","status":"publish","type":"post","link":"http:\/\/aladaa.com.ar\/asiayafrica\/curso-de-doctorado-historia-contemporanea-de-la-peninsula-de-corea\/","title":{"rendered":"Curso de doctorado: Historia Contempor\u00e1nea de la Pen\u00ednsula de Corea"},"content":{"rendered":"\n<p>Curso de doctorado: <strong>\u201cHistoria Contempor\u00e1nea de la Pen\u00ednsula de Corea (siglos XIX y XX)\u201d<\/strong> &#8211; Dr. Luis Botella, Universidad de M\u00e1laga (UMA) &#8211; 07, 08, 09, 10 y 11, 14 y 16 de septiembre de 2026 &#8211; 13-16 hs. (Hora Argentina); 17 y 18 de septiembre de 2026- 13-15 hs. (Hora Argentina). <\/p>\n\n\n\n<p>M\u00e1s informaci\u00f3n en <a href=\"https:\/\/ffyh.unc.edu.ar\/posgrado\/2026\/08\/25\/curso-de-doctorado-historia-contemporanea-de-la-peninsula-de-corea-siglos-xix-y-xx-2\/\" target=\"_blank\" rel=\"noreferrer noopener\">https:\/\/ffyh.unc.edu.ar\/posgrado\/2026\/08\/25\/curso-de-doctorado-historia-contemporanea-de-la-peninsula-de-corea-siglos-xix-y-xx-2\/<\/a><\/p>\n\n\n\n<figure class=\"wp-block-image size-full\"><a href=\"https:\/\/i0.wp.com\/aladaa.com.ar\/asiayafrica\/wp-content\/uploads\/2026\/09\/doctorado_historia_Corea.png?ssl=1\"><img data-recalc-dims=\"1\" loading=\"lazy\" decoding=\"async\" width=\"720\" height=\"401\" data-attachment-id=\"2215\" data-permalink=\"http:\/\/aladaa.com.ar\/asiayafrica\/curso-de-doctorado-historia-contemporanea-de-la-peninsula-de-corea\/doctorado_historia_corea\/\" data-orig-file=\"https:\/\/i0.wp.com\/aladaa.com.ar\/asiayafrica\/wp-content\/uploads\/2026\/09\/doctorado_historia_Corea.png?fit=800%2C445&amp;ssl=1\" data-orig-size=\"800,445\" data-comments-opened=\"0\" data-image-title=\"doctorado_historia_Corea\" data-image-description=\"\" data-image-caption=\"\" data-large-file=\"https:\/\/i0.wp.com\/aladaa.com.ar\/asiayafrica\/wp-content\/uploads\/2026\/09\/doctorado_historia_Corea.png?fit=720%2C401&amp;ssl=1\" src=\"https:\/\/i0.wp.com\/aladaa.com.ar\/asiayafrica\/wp-content\/uploads\/2026\/09\/doctorado_historia_Corea.png?resize=720%2C401&#038;ssl=1\" alt=\"\" class=\"wp-image-2215\" srcset=\"https:\/\/i0.wp.com\/aladaa.com.ar\/asiayafrica\/wp-content\/uploads\/2026\/09\/doctorado_historia_Corea.png?w=800&amp;ssl=1 800w, https:\/\/i0.wp.com\/aladaa.com.ar\/asiayafrica\/wp-content\/uploads\/2026\/09\/doctorado_historia_Corea.png?resize=300%2C167&amp;ssl=1 300w, https:\/\/i0.wp.com\/aladaa.com.ar\/asiayafrica\/wp-content\/uploads\/2026\/09\/doctorado_historia_Corea.png?resize=768%2C427&amp;ssl=1 768w\" sizes=\"auto, (max-width: 720px) 100vw, 720px\" \/><\/a><\/figure>\n","protected":false},"excerpt":{"rendered":"<p>Curso de doctorado: \u201cHistoria Contempor\u00e1nea de la Pen\u00ednsula de Corea (siglos XIX y XX)\u201d &#8211; Dr. Luis Botella, Universidad de M\u00e1laga (UMA) &#8211; 07, 08, 09, 10 y 11, 14 y 16 de septiembre de 2026 &#8211; 13-16 hs. (Hora Argentina); 17 y 18 de&hellip; <br \/><a class=\"more-link\" href=\"http:\/\/aladaa.com.ar\/asiayafrica\/curso-de-doctorado-historia-contemporanea-de-la-peninsula-de-corea\/\">Continue reading <span class=\"screen-reader-text\">Curso de doctorado: Historia Contempor\u00e1nea de la Pen\u00ednsula de Corea<\/span><\/a><\/p>\n","protected":false},"author":1,"featured_media":0,"comment_status":"closed","ping_status":"open","sticky":false,"template":"","format":"standard","meta":{"_jetpack_newsletter_access":"","_jetpack_dont_email_post_to_subs":false,"_jetpack_newsletter_tier_id":0,"_jetpack_memberships_contains_paywalled_content":false,"_jetpack_memberships_contains_paid_content":false,"footnotes":""},"categories":[7,5,1],"tags":[20,42,117,37],"class_list":["post-2214","post","type-post","status-publish","format-standard","hentry","category-nacionales","category-noticias","category-varia","tag-argentina","tag-corea","tag-posgrado","tag-unc"],"jetpack_sharing_enabled":true,"jetpack_shortlink":"https:\/\/wp.me\/p9LsG3-zI","jetpack_likes_enabled":true,"jetpack-related-posts":[{"id":534,"url":"http:\/\/aladaa.com.ar\/asiayafrica\/unc-e-school-program-for-latin-america-korea-foundation-kf-universidad-autonoma-de-nuevo-leon-uanl\/","url_meta":{"origin":2214,"position":0},"title":"UNC e-school Program for Latin America &#8211; Korea Foundation (KF) &#8211; Universidad Aut\u00f3noma de Nuevo Le\u00f3n (UANL)","author":"AladaaAr","date":"04\/08\/2016","format":false,"excerpt":"INFORMACI\u00d3N INSCRIPCI\u00d3N - cursos - 2\u00ba semestre e-school Program for Latin America - Korea Foundation (KF) - Universidad Aut\u00f3noma de Nuevo Le\u00f3n (UANL): La c\u00e1tedra de\u00a0Historia Contempor\u00e1nea de Asia y \u00c1frica\u00a0de la\u00a0Escuela de Historia,\u00a0Facultad de Filosof\u00eda y Humanidades (FFyH),\u00a0Universidad Nacional de C\u00f3rdoba (UNC), informa que se encuentran abiertas las inscripciones\u2026","rel":"","context":"En &quot;Nacionales&quot;","block_context":{"text":"Nacionales","link":"http:\/\/aladaa.com.ar\/asiayafrica\/category\/nacionales\/"},"img":{"alt_text":"","src":"","width":0,"height":0},"classes":[]},{"id":678,"url":"http:\/\/aladaa.com.ar\/asiayafrica\/e-school-program-for-latin-america-de-la-korea-foundation\/","url_meta":{"origin":2214,"position":1},"title":"E-school Program for Latin America de la Korea Foundation","author":"AladaaAr","date":"23\/12\/2016","format":false,"excerpt":"La c\u00e1tedra de Historia Contempor\u00e1nea de Asia y \u00c1frica de la Escuela de Historia, Facultad de Filosof\u00eda y Humanidades (FFyH), Universidad Nacional de C\u00f3rdoba (UNC), informa que se encuentran abiertas las inscripciones para los cursos del 1\u00ba semestre (enero-mayo) de 2017 del e-school Program for Latin America de la Korea\u2026","rel":"","context":"En &quot;Nacionales&quot;","block_context":{"text":"Nacionales","link":"http:\/\/aladaa.com.ar\/asiayafrica\/category\/nacionales\/"},"img":{"alt_text":"","src":"","width":0,"height":0},"classes":[]},{"id":1488,"url":"http:\/\/aladaa.com.ar\/asiayafrica\/actas-del-x-congreso-nacional-de-estudios-coreanos-online\/","url_meta":{"origin":2214,"position":2},"title":"Actas del X Congreso Nacional de Estudios Coreanos online","author":"AladaaAr","date":"13\/06\/2018","format":false,"excerpt":"Estimados\/as: Les enviamos el link que contiene el archivo correspondiente a la versi\u00f3n digital de las actas del X Congreso Nacional de Estudios Coreanos. \"La Pen\u00ednsula Coreana entre Desarrollos y Tensiones\" organizado por la Asociaci\u00f3n Argentina de Estudios Coreanos (AAEC) y la C\u00e1tedra de Historia Contempor\u00e1nea de Asia y \u00c1frica,\u2026","rel":"","context":"En &quot;Nacionales&quot;","block_context":{"text":"Nacionales","link":"http:\/\/aladaa.com.ar\/asiayafrica\/category\/nacionales\/"},"img":{"alt_text":"","src":"https:\/\/i0.wp.com\/aladaa.com.ar\/asiayafrica\/wp-content\/uploads\/2018\/06\/XEstudiosCoreanosCh.png?fit=351%2C249&ssl=1&resize=350%2C200","width":350,"height":200},"classes":[]},{"id":1537,"url":"http:\/\/aladaa.com.ar\/asiayafrica\/curso-sobre-china-contemporanea-uca\/","url_meta":{"origin":2214,"position":3},"title":"Curso sobre China Contemporanea, UCA","author":"AladaaAr","date":"01\/07\/2018","format":false,"excerpt":"Estimados amigos, colegas y alumnos, \u00a0 Tengo el agrado de escribir para presentarles un curso sobre China contempor\u00e1nea, de tres meses de duraci\u00f3n, a realizar en la Universidad Cat\u00f3lica Argentina. Esta instituci\u00f3n amiga desea difundir conocimiento sobre esta tem\u00e1tica, por lo cual hemos conformado este programa ejecutivo y un cuerpo\u2026","rel":"","context":"En &quot;Nacionales&quot;","block_context":{"text":"Nacionales","link":"http:\/\/aladaa.com.ar\/asiayafrica\/category\/nacionales\/"},"img":{"alt_text":"","src":"https:\/\/i0.wp.com\/aladaa.com.ar\/asiayafrica\/wp-content\/uploads\/2018\/07\/china-300x225.jpg?resize=350%2C200","width":350,"height":200},"classes":[]},{"id":459,"url":"http:\/\/aladaa.com.ar\/asiayafrica\/semana-de-corea-en-cordoba\/","url_meta":{"origin":2214,"position":4},"title":"Semana de Corea en C\u00f3rdoba","author":"AladaaAr","date":"16\/06\/2016","format":false,"excerpt":"La c\u00e1tedra de Historia Contempor\u00e1nea de Asia y \u00c1frica de la Escuela de Historia, Facultad de Filosof\u00eda y Humanidades (FFyH), Universidad Nacional de C\u00f3rdoba (UNC) invita a la Semana de Corea en C\u00f3rdoba. Dicho evento consiste en una serie de actividades culturales (cine, exposici\u00f3n de arte, exposici\u00f3n de fotos, danza\u2026","rel":"","context":"En &quot;Nacionales&quot;","block_context":{"text":"Nacionales","link":"http:\/\/aladaa.com.ar\/asiayafrica\/category\/nacionales\/"},"img":{"alt_text":"SemanaCoreaCordoba","src":"https:\/\/i0.wp.com\/aladaa.com.ar\/asiayafrica\/wp-content\/uploads\/2016\/06\/SemanaCoreaCordoba.jpg?resize=350%2C200","width":350,"height":200},"classes":[]},{"id":1484,"url":"http:\/\/aladaa.com.ar\/asiayafrica\/sexta-charla-online-aladaa-asia-desde-argentina\/","url_meta":{"origin":2214,"position":5},"title":"Sexta Charla online ALADAA: Asia desde Argentina","author":"AladaaAr","date":"12\/06\/2018","format":false,"excerpt":"Sexta Charla online ALADAA, Secci\u00f3n Argentina \u00a0 S\u00e1bado 23 de junio de 2018, 10:00 a 11:00 hs. \u00a0 Asia desde Argentina, m\u00e1s all\u00e1 de los supuestos Mag. Rodolfo Molina Resumen Asia fue una necesidad para el pensamiento de los griegos y una necesidad econ\u00f3mico-social para los romanos.\u00a0 En la edad\u2026","rel":"","context":"En &quot;Nacionales&quot;","block_context":{"text":"Nacionales","link":"http:\/\/aladaa.com.ar\/asiayafrica\/category\/nacionales\/"},"img":{"alt_text":"","src":"https:\/\/i0.wp.com\/aladaa.com.ar\/asiayafrica\/wp-content\/uploads\/2018\/02\/ALADAA-on-line.jpg?fit=848%2C452&ssl=1&resize=350%2C200","width":350,"height":200,"srcset":"https:\/\/i0.wp.com\/aladaa.com.ar\/asiayafrica\/wp-content\/uploads\/2018\/02\/ALADAA-on-line.jpg?fit=848%2C452&ssl=1&resize=350%2C200 1x, https:\/\/i0.wp.com\/aladaa.com.ar\/asiayafrica\/wp-content\/uploads\/2018\/02\/ALADAA-on-line.jpg?fit=848%2C452&ssl=1&resize=525%2C300 1.5x, https:\/\/i0.wp.com\/aladaa.com.ar\/asiayafrica\/wp-content\/uploads\/2018\/02\/ALADAA-on-line.jpg?fit=848%2C452&ssl=1&resize=700%2C400 2x"},"classes":[]}],"jetpack_featured_media_url":"","_links":{"self":[{"href":"http:\/\/aladaa.com.ar\/asiayafrica\/wp-json\/wp\/v2\/posts\/2214","targetHints":{"allow":["GET"]}}],"collection":[{"href":"http:\/\/aladaa.com.ar\/asiayafrica\/wp-json\/wp\/v2\/posts"}],"about":[{"href":"http:\/\/aladaa.com.ar\/asiayafrica\/wp-json\/wp\/v2\/types\/post"}],"author":[{"embeddable":true,"href":"http:\/\/aladaa.com.ar\/asiayafrica\/wp-json\/wp\/v2\/users\/1"}],"replies":[{"embeddable":true,"href":"http:\/\/aladaa.com.ar\/asiayafrica\/wp-json\/wp\/v2\/comments?post=2214"}],"version-history":[{"count":1,"href":"http:\/\/aladaa.com.ar\/asiayafrica\/wp-json\/wp\/v2\/posts\/2214\/revisions"}],"predecessor-version":[{"id":2216,"href":"http:\/\/aladaa.com.ar\/asiayafrica\/wp-json\/wp\/v2\/posts\/2214\/revisions\/2216"}],"wp:attachment":[{"href":"http:\/\/aladaa.com.ar\/asiayafrica\/wp-json\/wp\/v2\/media?parent=2214"}],"wp:term":[{"taxonomy":"category","embeddable":true,"href":"http:\/\/aladaa.com.ar\/asiayafrica\/wp-json\/wp\/v2\/categories?post=2214"},{"taxonomy":"post_tag","embeddable":true,"href":"http:\/\/aladaa.com.ar\/asiayafrica\/wp-json\/wp\/v2\/tags?post=2214"}],"curies":[{"name":"wp","href":"https:\/\/api.w.org\/{rel}","templated":true}]}}