{"id":1664,"date":"2018-09-12T00:55:51","date_gmt":"2018-09-12T03:55:51","guid":{"rendered":"http:\/\/aladaa.com.ar\/asiayafrica\/?p=1664"},"modified":"2019-08-03T17:48:46","modified_gmt":"2019-08-03T20:48:46","slug":"1664","status":"publish","type":"post","link":"http:\/\/aladaa.com.ar\/asiayafrica\/1664\/","title":{"rendered":"Segunda Circular &#8211; I Congreso Nacional ALADAA Chile"},"content":{"rendered":"<div class=\"m_42376938276296428x_gmail_default\">Estimados,<\/div>\n<div class=\"m_42376938276296428x_gmail_default\">junto con saludarlos muy atentamente, enviamos a su lectura la informaci\u00f3n oficial de la <a href=\"http:\/\/aladaa.com.ar\/asiayafrica\/wp-content\/uploads\/2018\/09\/Segunda-circular-I-Congreso-Nacional-ALADAA-CHILE.pdf\">Segunda circular, I Congreso Nacional ALADAA CHILE<\/a>.<\/div>\n<div class=\"m_42376938276296428x_gmail_default\"><a href=\"https:\/\/i0.wp.com\/aladaa.com.ar\/asiayafrica\/wp-content\/uploads\/2018\/05\/2018.-AFICHE-CONGRESO-NACIONAL-ALADAA-CHILE.jpg\"><img data-recalc-dims=\"1\" loading=\"lazy\" decoding=\"async\" data-attachment-id=\"1397\" data-permalink=\"http:\/\/aladaa.com.ar\/asiayafrica\/primer-congreso-nacional-de-aladaa-chile\/2018-afiche-congreso-nacional-aladaa-chile\/\" data-orig-file=\"https:\/\/i0.wp.com\/aladaa.com.ar\/asiayafrica\/wp-content\/uploads\/2018\/05\/2018.-AFICHE-CONGRESO-NACIONAL-ALADAA-CHILE.jpg?fit=1278%2C1778&amp;ssl=1\" data-orig-size=\"1278,1778\" data-comments-opened=\"0\" data-image-meta=\"{&quot;aperture&quot;:&quot;0&quot;,&quot;credit&quot;:&quot;&quot;,&quot;camera&quot;:&quot;&quot;,&quot;caption&quot;:&quot;&quot;,&quot;created_timestamp&quot;:&quot;0&quot;,&quot;copyright&quot;:&quot;&quot;,&quot;focal_length&quot;:&quot;0&quot;,&quot;iso&quot;:&quot;0&quot;,&quot;shutter_speed&quot;:&quot;0&quot;,&quot;title&quot;:&quot;&quot;,&quot;orientation&quot;:&quot;0&quot;}\" data-image-title=\"2018. AFICHE CONGRESO NACIONAL ALADAA CHILE\" data-image-description=\"\" data-image-caption=\"\" data-large-file=\"https:\/\/i0.wp.com\/aladaa.com.ar\/asiayafrica\/wp-content\/uploads\/2018\/05\/2018.-AFICHE-CONGRESO-NACIONAL-ALADAA-CHILE.jpg?fit=720%2C1002&amp;ssl=1\" class=\"alignright size-medium wp-image-1397\" src=\"https:\/\/i0.wp.com\/aladaa.com.ar\/asiayafrica\/wp-content\/uploads\/2018\/05\/2018.-AFICHE-CONGRESO-NACIONAL-ALADAA-CHILE-216x300.jpg?resize=216%2C300\" alt=\"\" width=\"216\" height=\"300\" srcset=\"https:\/\/i0.wp.com\/aladaa.com.ar\/asiayafrica\/wp-content\/uploads\/2018\/05\/2018.-AFICHE-CONGRESO-NACIONAL-ALADAA-CHILE.jpg?resize=216%2C300&amp;ssl=1 216w, https:\/\/i0.wp.com\/aladaa.com.ar\/asiayafrica\/wp-content\/uploads\/2018\/05\/2018.-AFICHE-CONGRESO-NACIONAL-ALADAA-CHILE.jpg?resize=768%2C1068&amp;ssl=1 768w, https:\/\/i0.wp.com\/aladaa.com.ar\/asiayafrica\/wp-content\/uploads\/2018\/05\/2018.-AFICHE-CONGRESO-NACIONAL-ALADAA-CHILE.jpg?resize=736%2C1024&amp;ssl=1 736w, https:\/\/i0.wp.com\/aladaa.com.ar\/asiayafrica\/wp-content\/uploads\/2018\/05\/2018.-AFICHE-CONGRESO-NACIONAL-ALADAA-CHILE.jpg?w=1278&amp;ssl=1 1278w\" sizes=\"auto, (max-width: 216px) 100vw, 216px\" \/><\/a><\/div>\n<div class=\"m_42376938276296428x_gmail_default\">Hoy mismo, por otro lado, se abre la convocatoria para postulaci\u00f3n de res\u00famenes de ponencias que ser\u00e1 <b>hasta el 31 de octubre de 2018<\/b>, y cuyo formato ser\u00e1 presentar en un documento Word el t\u00edtulo de la ponencia, el nombre del autor, correo de contacto, y un resumen de no m\u00e1s de 100 palabras.<\/div>\n<div class=\"m_42376938276296428x_gmail_default\">Los res\u00famenes deber\u00e1n ser enviados a los coordinadores correspondientes al simposio que se postula.<\/div>\n<div class=\"m_42376938276296428x_gmail_default\">Los plazos de aprobaci\u00f3n de los res\u00famenes de ponencia ser\u00e1n indicados internamente a los coordinadores.<\/div>\n<div class=\"m_42376938276296428x_gmail_default\">La recepci\u00f3n de ponencias completas ser\u00e1 hasta el 1 de marzo de 2019 en el formato que se indicar\u00e1, luego de la aprobaci\u00f3n de los res\u00famenes.<\/div>\n<div class=\"m_42376938276296428x_gmail_default\">El resto de la informaci\u00f3n relevante (por ejemplo, el valor de la cuota de inscripci\u00f3n o la confirmaci\u00f3n de las fechas a seguir) la podr\u00e1n encontrar en la p\u00e1gina del congreso (<a id=\"m_42376938276296428LPlnk748359\" class=\"m_42376938276296428OWAAutoLink\" href=\"http:\/\/www.aladaachile.com\/congreso-nacional-2019\" target=\"_blank\" rel=\"noopener noreferrer\" data-saferedirecturl=\"https:\/\/www.google.com\/url?hl=es&amp;q=http:\/\/www.aladaachile.com\/congreso-nacional-2019&amp;source=gmail&amp;ust=1536810109840000&amp;usg=AFQjCNG7rY9rg9ifB4w2XHamnWtnJSj1CA\">http:\/\/www.aladaachile.com\/<wbr \/>congreso-nacional-2019<\/a>), como tambi\u00e9n en el archivo que se adjunta a continuaci\u00f3n.<\/div>\n<div class=\"m_42376938276296428x_gmail_default\">Nuevamente, como organizaci\u00f3n estamos muy contentos con su participaci\u00f3n en esta actividad acad\u00e9mica.<\/div>\n<div class=\"m_42376938276296428x_gmail_default\">Cualquier duda o consulta, no dude en escribirnos a trav\u00e9s de <a href=\"mailto:estudiosasiaafrica@gmail.com\">este correo electr\u00f3nico<\/a>.<\/div>\n<div class=\"m_42376938276296428x_gmail_default\">Finalmente, al despedirnos, pedimos atentamente la difusi\u00f3n del congreso entre sus contactos.<\/div>\n<div class=\"m_42376938276296428x_gmail_default\">Reciban nuestros afectuosos saludos.<\/div>\n<div class=\"m_42376938276296428x_gmail_default\"><strong>Mesa Directiva y Comit\u00e9 de Organizaci\u00f3n de <span class=\"il\">ALADAA<\/span> CHILE.<\/strong><\/div>\n<div class=\"m_42376938276296428x_gmail_default\"><\/div>\n<div>Descargar PDF: <a href=\"http:\/\/aladaa.com.ar\/asiayafrica\/wp-content\/uploads\/2018\/09\/Segunda-circular-I-Congreso-Nacional-ALADAA-CHILE.pdf\">Segunda circular, I Congreso Nacional ALADAA CHILE<\/a><\/div>\n<div class=\"m_42376938276296428x_gmail_default\"><\/div>\n<div>\n<div class=\"m_42376938276296428x_gmail-m_8977204284314102535gmail_signature\" dir=\"ltr\">\n<div dir=\"ltr\">\n<div>\n<div dir=\"ltr\">\n<div>\n<div dir=\"ltr\">\n<div>\n<div dir=\"ltr\">\n<div>\n<div dir=\"ltr\">\n<div>\n<div dir=\"ltr\">\n<div>\n<div dir=\"ltr\">\n<div>\n<div dir=\"ltr\">\n<div>\n<div dir=\"ltr\">\n<div>\n<div dir=\"ltr\">\n<div dir=\"ltr\">\n<div dir=\"ltr\">\n<div dir=\"ltr\">\n<div dir=\"ltr\">\n<div><img decoding=\"async\" class=\"CToWUd\" src=\"https:\/\/ci3.googleusercontent.com\/proxy\/_Laij9EydW3uk1K81q-EBk6zDq0GZPGg-QnGTjTsWjitpP9GVEKX5fuZI7cRJSBF16PTobZu8xc13be4iT7cF2mdBF8IrFQ1F18t4CYtS9Z7uNsgxqqvbPjdytxoV1gerZAaqJtZFFBwKNiZ3o0GlM_Ygcgw8lGW-JppJrMbzbQeAa7gdWFDFnUJa-BGUbfi3BLDoX8UGFaHnTzb00c6AQ=s0-d-e1-ft#https:\/\/docs.google.com\/uc?export=download&amp;id=1DoHwdgqF_lHHocuWBUII4sO3Vf2GP0e5&amp;revid=0B7CNNtIAo8UQa0cxanMzS3ZsYkIraDQ0Q3NYL2FJMjZSeHdjPQ\" \/><\/div>\n<div><\/div>\n<div><span style=\"font-size: small;\"><span style=\"font-family: verdana, sans-serif;\">\u00a0<\/span><a id=\"m_42376938276296428LPlnk170127\" class=\"m_42376938276296428OWAAutoLink\" href=\"http:\/\/www.aladaachile.com\/\" target=\"_blank\" rel=\"noopener noreferrer\" data-saferedirecturl=\"https:\/\/www.google.com\/url?hl=es&amp;q=http:\/\/www.aladaachile.com\/&amp;source=gmail&amp;ust=1536810109840000&amp;usg=AFQjCNHYy6gwS1qXeA1Gldr2af3dgMXxQQ\">Sitio Web<\/a>\u00a0| \u00a0<a id=\"m_42376938276296428LPlnk339188\" class=\"m_42376938276296428OWAAutoLink\" href=\"https:\/\/www.facebook.com\/aladaachile\" target=\"_blank\" rel=\"noopener noreferrer\" data-saferedirecturl=\"https:\/\/www.google.com\/url?hl=es&amp;q=https:\/\/www.facebook.com\/aladaachile&amp;source=gmail&amp;ust=1536810109840000&amp;usg=AFQjCNH-SwnWlAZ6j8eUU8Lc89_qSimy1w\">Facebook<\/a>\u00a0| \u00a0<a id=\"m_42376938276296428LPlnk819560\" class=\"m_42376938276296428OWAAutoLink\" href=\"https:\/\/twitter.com\/ALADAAChile\" target=\"_blank\" rel=\"noopener noreferrer\" data-saferedirecturl=\"https:\/\/www.google.com\/url?hl=es&amp;q=https:\/\/twitter.com\/ALADAAChile&amp;source=gmail&amp;ust=1536810109840000&amp;usg=AFQjCNFCz2trC9pX2IXaQPOr0t_rTh3Tlg\">Twitter<\/a>\u00a0| \u00a0<a id=\"m_42376938276296428LPlnk110172\" class=\"m_42376938276296428OWAAutoLink\" href=\"https:\/\/www.youtube.com\/channel\/UC4va7iHC_KrBd7_fuULGeag\" target=\"_blank\" rel=\"noopener noreferrer\" data-saferedirecturl=\"https:\/\/www.google.com\/url?hl=es&amp;q=https:\/\/www.youtube.com\/channel\/UC4va7iHC_KrBd7_fuULGeag&amp;source=gmail&amp;ust=1536810109840000&amp;usg=AFQjCNF0gfyOJbjxA5ljmheF_7981IlfEQ\">YouTube<\/a><\/span><\/div>\n<\/div>\n<\/div>\n<\/div>\n<\/div>\n<\/div>\n<\/div>\n<\/div>\n<\/div>\n<\/div>\n<\/div>\n<\/div>\n<\/div>\n<\/div>\n<\/div>\n<\/div>\n<\/div>\n<\/div>\n<\/div>\n<\/div>\n<\/div>\n<\/div>\n<\/div>\n<\/div>\n<\/div>\n<\/div>\n","protected":false},"excerpt":{"rendered":"<p>Estimados, junto con saludarlos muy atentamente, enviamos a su lectura la informaci\u00f3n oficial de la Segunda circular, I Congreso Nacional ALADAA CHILE. Hoy mismo, por otro lado, se abre la convocatoria para postulaci\u00f3n de res\u00famenes de ponencias que ser\u00e1 hasta el 31 de octubre de&hellip; <br \/><a class=\"more-link\" href=\"http:\/\/aladaa.com.ar\/asiayafrica\/1664\/\">Continue reading <span class=\"screen-reader-text\">Segunda Circular &#8211; I Congreso Nacional ALADAA Chile<\/span><\/a><\/p>\n","protected":false},"author":1,"featured_media":1411,"comment_status":"closed","ping_status":"open","sticky":false,"template":"","format":"standard","meta":{"_jetpack_newsletter_access":"","_jetpack_dont_email_post_to_subs":false,"_jetpack_newsletter_tier_id":0,"_jetpack_memberships_contains_paywalled_content":false,"_jetpack_memberships_contains_paid_content":false,"footnotes":""},"categories":[8,5],"tags":[14,84,197,16],"class_list":["post-1664","post","type-post","status-publish","format-standard","has-post-thumbnail","hentry","category-internacionales","category-noticias","tag-aladaa","tag-chile","tag-circular","tag-congreso"],"jetpack_featured_media_url":"https:\/\/i0.wp.com\/aladaa.com.ar\/asiayafrica\/wp-content\/uploads\/2018\/05\/ALADAA-CL.jpg?fit=857%2C470&ssl=1","jetpack_sharing_enabled":true,"jetpack_shortlink":"https:\/\/wp.me\/s9LsG3-1664","jetpack_likes_enabled":true,"jetpack-related-posts":[{"id":590,"url":"http:\/\/aladaa.com.ar\/asiayafrica\/congreso-nacional-aladaa-arg-2017-segunda-circular\/","url_meta":{"origin":1664,"position":0},"title":"Congreso Nacional Aladaa Arg. 2017 &#8211; Segunda Circular","author":"AladaaAr","date":"02\/12\/2016","format":"aside","excerpt":"ACTUALIZACI\u00d3N: 3a circular (27\/5\/2017) Estimados\u00a0colegas, \u00a0 \u00a0 \u00a0 \u00a0 \u00a0 \u00a0 \u00a0 \u00a0 \u00a0 \u00a0 \u00a0 \u00a0 \u00a0 \u00a0\u00a0comunicamos a ustedes que dados los pedidos recibidos, extenderemos la recepci\u00f3n de res\u00famenes para el Congreso NAcional de ALADAA, Secci\u00f3n Argentina, 2017, hasta el lunes 12 de diciembre (inclu\u00eddo). Comisi\u00f3n ALADAA, Secci\u00f3n\u2026","rel":"","context":"En &quot;Nacionales&quot;","block_context":{"text":"Nacionales","link":"http:\/\/aladaa.com.ar\/asiayafrica\/category\/nacionales\/"},"img":{"alt_text":"","src":"","width":0,"height":0},"classes":[]},{"id":1395,"url":"http:\/\/aladaa.com.ar\/asiayafrica\/primer-congreso-nacional-de-aladaa-chile\/","url_meta":{"origin":1664,"position":1},"title":"Primer Congreso Nacional de ALADAA Chile","author":"AladaaAr","date":"08\/05\/2018","format":false,"excerpt":"I Congreso Nacional ALADAA CHILE: \u201cEl estado del Arte: los estudios de Asia y \u00c1frica en Chile\u201d DESCRIPCI\u00d3N GENERAL, PROBLEMA Y OBJETIVOS DEL CONGRESO Los fen\u00f3menos de Asia y \u00c1frica, en toda su polivalencia de sentidos y, a nivel reflexivo, en su entrecruce por diferentes dimensiones disciplinares, se van constituyendo\u2026","rel":"","context":"En &quot;Internacionales&quot;","block_context":{"text":"Internacionales","link":"http:\/\/aladaa.com.ar\/asiayafrica\/category\/internacionales\/"},"img":{"alt_text":"","src":"https:\/\/i0.wp.com\/aladaa.com.ar\/asiayafrica\/wp-content\/uploads\/2018\/05\/ALADAA-CL.jpg?fit=857%2C470&ssl=1&resize=350%2C200","width":350,"height":200,"srcset":"https:\/\/i0.wp.com\/aladaa.com.ar\/asiayafrica\/wp-content\/uploads\/2018\/05\/ALADAA-CL.jpg?fit=857%2C470&ssl=1&resize=350%2C200 1x, https:\/\/i0.wp.com\/aladaa.com.ar\/asiayafrica\/wp-content\/uploads\/2018\/05\/ALADAA-CL.jpg?fit=857%2C470&ssl=1&resize=525%2C300 1.5x, https:\/\/i0.wp.com\/aladaa.com.ar\/asiayafrica\/wp-content\/uploads\/2018\/05\/ALADAA-CL.jpg?fit=857%2C470&ssl=1&resize=700%2C400 2x"},"classes":[]},{"id":1901,"url":"http:\/\/aladaa.com.ar\/asiayafrica\/x-congreso-nacional-de-aladaa-argentina\/","url_meta":{"origin":1664,"position":2},"title":"X Congreso Nacional de ALADAA Argentina","author":"AladaaAr","date":"04\/06\/2022","format":false,"excerpt":"\u201cLas sociedades de Asia y \u00c1frica en el contexto global post-pandemia\u201d 21 al 23 de septiembre de 2022 - Modalidad en l\u00ednea. C\u00f3rdoba Capital, Argentina Cronograma Presentaci\u00f3n de mesas tem\u00e1ticas: hasta el 22 de mayo de 2022 v\u00eda GoogleFormsEnv\u00edo de res\u00famenes: hasta el 10 de julio de 2022 via GoogleFormsComunicaci\u00f3n\u2026","rel":"","context":"En &quot;Varios&quot;","block_context":{"text":"Varios","link":"http:\/\/aladaa.com.ar\/asiayafrica\/category\/varia\/"},"img":{"alt_text":"","src":"https:\/\/i0.wp.com\/aladaa.com.ar\/asiayafrica\/wp-content\/uploads\/2022\/06\/X-Congreso_Aladaa_Ar-flyer.png?fit=332%2C456&ssl=1&resize=350%2C200","width":350,"height":200},"classes":[]},{"id":657,"url":"http:\/\/aladaa.com.ar\/asiayafrica\/recordatorio-congreso-nacional-aladaa-2017\/","url_meta":{"origin":1664,"position":3},"title":"RECORDATORIO CONGRESO NACIONAL ALADAA, 2017","author":"AladaaAr","date":"02\/12\/2016","format":false,"excerpt":"Estimados\u00a0colegas, \u00a0 \u00a0 \u00a0 \u00a0 \u00a0 \u00a0 \u00a0 \u00a0 \u00a0 \u00a0 \u00a0 \u00a0 \u00a0 \u00a0\u00a0comunicamos a ustedes que dados los pedidos recibidos, extenderemos la recepci\u00f3n de res\u00famenes para el Congreso NAcional de ALADAA, Secci\u00f3n Argentina, 2017, hasta el lunes 12 de diciembre (inclu\u00eddo). Comisi\u00f3n ALADAA, Secci\u00f3n Argentina.\u00a0 Fechas importantes \u00a0\u2026","rel":"","context":"En &quot;Nacionales&quot;","block_context":{"text":"Nacionales","link":"http:\/\/aladaa.com.ar\/asiayafrica\/category\/nacionales\/"},"img":{"alt_text":"","src":"","width":0,"height":0},"classes":[]},{"id":375,"url":"http:\/\/aladaa.com.ar\/asiayafrica\/actualizacion-10-congreso-nacional-de-estudios-coreanos\/","url_meta":{"origin":1664,"position":4},"title":"Actualizaci\u00f3n: 10\u00b0 Congreso Nacional de Estudios Coreanos","author":"AladaaAr","date":"22\/04\/2016","format":false,"excerpt":"La Asociaci\u00f3n Argentina de Estudios Coreanos y la C\u00e1tedra de Historia Contempor\u00e1nea de Asia y \u00c1frica de la Universidad Nacional de C\u00f3rdoba convocan al *10\u00b0 Congreso Nacional de Estudios Coreanos*, a realizarse los d\u00edas 6, 7 y 8 de octubre de 2016 en la ciudad de C\u00f3rdoba, Provincia de C\u00f3rdoba,\u2026","rel":"","context":"En &quot;Nacionales&quot;","block_context":{"text":"Nacionales","link":"http:\/\/aladaa.com.ar\/asiayafrica\/category\/nacionales\/"},"img":{"alt_text":"Flyer - X Congreso Nacional de Estudios Coreanos - 2016","src":"https:\/\/i0.wp.com\/aladaa.com.ar\/asiayafrica\/wp-content\/uploads\/2016\/04\/Flyer-X-Congreso-Nacional-de-Estudios-Coreanos-2016-211x300.jpg?resize=350%2C200","width":350,"height":200},"classes":[]},{"id":1858,"url":"http:\/\/aladaa.com.ar\/asiayafrica\/xvii-congreso-internacional-aladaa-2020-2da-circular\/","url_meta":{"origin":1664,"position":5},"title":"XVII Congreso Internacional ALADAA 2020 &#8211; 2da Circular","author":"AladaaAr","date":"06\/02\/2020","format":false,"excerpt":"CONGRESO INTERNACIONAL DE ALADAA 2020 29 de julio al 1 de agosto, Quito, Ecuador \u00a0 Fechas importantes: \u00a0 \u2022 17 de Febrero de 2020: fecha l\u00edmite para la entrega de propuestas para ponencias a los coordinadores. \u00a0\u2022 03 de febrero de 2020: fecha de inicio para pago de cuota de\u2026","rel":"","context":"En &quot;Congresos&quot;","block_context":{"text":"Congresos","link":"http:\/\/aladaa.com.ar\/asiayafrica\/category\/congresos\/"},"img":{"alt_text":"","src":"https:\/\/i0.wp.com\/aladaa.com.ar\/asiayafrica\/wp-content\/uploads\/2020\/02\/Banner_News_Aladaa_Int.png?fit=640%2C354&ssl=1&resize=350%2C200","width":350,"height":200,"srcset":"https:\/\/i0.wp.com\/aladaa.com.ar\/asiayafrica\/wp-content\/uploads\/2020\/02\/Banner_News_Aladaa_Int.png?fit=640%2C354&ssl=1&resize=350%2C200 1x, https:\/\/i0.wp.com\/aladaa.com.ar\/asiayafrica\/wp-content\/uploads\/2020\/02\/Banner_News_Aladaa_Int.png?fit=640%2C354&ssl=1&resize=525%2C300 1.5x"},"classes":[]}],"_links":{"self":[{"href":"http:\/\/aladaa.com.ar\/asiayafrica\/wp-json\/wp\/v2\/posts\/1664","targetHints":{"allow":["GET"]}}],"collection":[{"href":"http:\/\/aladaa.com.ar\/asiayafrica\/wp-json\/wp\/v2\/posts"}],"about":[{"href":"http:\/\/aladaa.com.ar\/asiayafrica\/wp-json\/wp\/v2\/types\/post"}],"author":[{"embeddable":true,"href":"http:\/\/aladaa.com.ar\/asiayafrica\/wp-json\/wp\/v2\/users\/1"}],"replies":[{"embeddable":true,"href":"http:\/\/aladaa.com.ar\/asiayafrica\/wp-json\/wp\/v2\/comments?post=1664"}],"version-history":[{"count":4,"href":"http:\/\/aladaa.com.ar\/asiayafrica\/wp-json\/wp\/v2\/posts\/1664\/revisions"}],"predecessor-version":[{"id":1830,"href":"http:\/\/aladaa.com.ar\/asiayafrica\/wp-json\/wp\/v2\/posts\/1664\/revisions\/1830"}],"wp:featuredmedia":[{"embeddable":true,"href":"http:\/\/aladaa.com.ar\/asiayafrica\/wp-json\/wp\/v2\/media\/1411"}],"wp:attachment":[{"href":"http:\/\/aladaa.com.ar\/asiayafrica\/wp-json\/wp\/v2\/media?parent=1664"}],"wp:term":[{"taxonomy":"category","embeddable":true,"href":"http:\/\/aladaa.com.ar\/asiayafrica\/wp-json\/wp\/v2\/categories?post=1664"},{"taxonomy":"post_tag","embeddable":true,"href":"http:\/\/aladaa.com.ar\/asiayafrica\/wp-json\/wp\/v2\/tags?post=1664"}],"curies":[{"name":"wp","href":"https:\/\/api.w.org\/{rel}","templated":true}]}}