{"id":1443,"date":"2018-05-29T13:18:00","date_gmt":"2018-05-29T16:18:00","guid":{"rendered":"http:\/\/aladaa.com.ar\/asiayafrica\/?p=1443"},"modified":"2018-05-29T13:18:00","modified_gmt":"2018-05-29T16:18:00","slug":"el-rol-de-la-religion-en-los-conflictos-internacionales-ula-merida-ve","status":"publish","type":"post","link":"http:\/\/aladaa.com.ar\/asiayafrica\/el-rol-de-la-religion-en-los-conflictos-internacionales-ula-merida-ve\/","title":{"rendered":"El rol de la religi\u00f3n en los conflictos internacionales, ULA, Merida, VE"},"content":{"rendered":"<p class=\"m_2214452833259694986ydpa8596f3eyiv2063802445MsoNormal\">Conferencia:<\/p>\n<p class=\"m_2214452833259694986ydpa8596f3eyiv2063802445MsoNormal\">El rol de la religi\u00f3n en la nueva din\u00e1mica de los conflictos internacionales<\/p>\n<p class=\"m_2214452833259694986ydpa8596f3eyiv2063802445MsoNormal\">5 de junio de 2018 \u2013 Facultad de Humanidades y Educaci\u00f3n<\/p>\n<p class=\"m_2214452833259694986ydpa8596f3eyiv2063802445MsoNormal\">Universidad de Los Andes<\/p>\n<p class=\"m_2214452833259694986ydpa8596f3eyiv2063802445MsoNormal\">M\u00e9rida \u2013 Venezuela<\/p>\n<p>(Cliquee sobre la imagen para ampliarla y ver el programa completo)<\/p>\n<p><a href=\"https:\/\/i0.wp.com\/aladaa.com.ar\/asiayafrica\/wp-content\/uploads\/2018\/05\/programa.jpg\"><img data-recalc-dims=\"1\" loading=\"lazy\" decoding=\"async\" data-attachment-id=\"1444\" data-permalink=\"http:\/\/aladaa.com.ar\/asiayafrica\/el-rol-de-la-religion-en-los-conflictos-internacionales-ula-merida-ve\/programa\/\" data-orig-file=\"https:\/\/i0.wp.com\/aladaa.com.ar\/asiayafrica\/wp-content\/uploads\/2018\/05\/programa.jpg?fit=960%2C722&amp;ssl=1\" data-orig-size=\"960,722\" data-comments-opened=\"0\" data-image-meta=\"{&quot;aperture&quot;:&quot;0&quot;,&quot;credit&quot;:&quot;&quot;,&quot;camera&quot;:&quot;&quot;,&quot;caption&quot;:&quot;&quot;,&quot;created_timestamp&quot;:&quot;0&quot;,&quot;copyright&quot;:&quot;&quot;,&quot;focal_length&quot;:&quot;0&quot;,&quot;iso&quot;:&quot;0&quot;,&quot;shutter_speed&quot;:&quot;0&quot;,&quot;title&quot;:&quot;&quot;,&quot;orientation&quot;:&quot;0&quot;}\" data-image-title=\"programa\" data-image-description=\"\" data-image-caption=\"\" data-large-file=\"https:\/\/i0.wp.com\/aladaa.com.ar\/asiayafrica\/wp-content\/uploads\/2018\/05\/programa.jpg?fit=720%2C542&amp;ssl=1\" class=\"alignleft wp-image-1444\" src=\"https:\/\/i0.wp.com\/aladaa.com.ar\/asiayafrica\/wp-content\/uploads\/2018\/05\/programa-300x226.jpg?resize=500%2C376\" alt=\"anexo\" width=\"500\" height=\"376\" srcset=\"https:\/\/i0.wp.com\/aladaa.com.ar\/asiayafrica\/wp-content\/uploads\/2018\/05\/programa.jpg?resize=300%2C226&amp;ssl=1 300w, https:\/\/i0.wp.com\/aladaa.com.ar\/asiayafrica\/wp-content\/uploads\/2018\/05\/programa.jpg?resize=768%2C578&amp;ssl=1 768w, https:\/\/i0.wp.com\/aladaa.com.ar\/asiayafrica\/wp-content\/uploads\/2018\/05\/programa.jpg?w=960&amp;ssl=1 960w\" sizes=\"auto, (max-width: 500px) 100vw, 500px\" \/><\/a><\/p>\n<p>&nbsp;<\/p>\n","protected":false},"excerpt":{"rendered":"<p>Conferencia: El rol de la religi\u00f3n en la nueva din\u00e1mica de los conflictos internacionales 5 de junio de 2018 \u2013 Facultad de Humanidades y Educaci\u00f3n Universidad de Los Andes M\u00e9rida \u2013 Venezuela (Cliquee sobre la imagen para ampliarla y ver el programa completo) &nbsp;<\/p>\n","protected":false},"author":1,"featured_media":1446,"comment_status":"closed","ping_status":"open","sticky":false,"template":"","format":"standard","meta":{"_jetpack_newsletter_access":"","_jetpack_dont_email_post_to_subs":false,"_jetpack_newsletter_tier_id":0,"_jetpack_memberships_contains_paywalled_content":false,"_jetpack_memberships_contains_paid_content":false,"footnotes":""},"categories":[8,5],"tags":[105,107,108,28,103,36,58,106,104],"class_list":["post-1443","post","type-post","status-publish","format-standard","has-post-thumbnail","hentry","category-internacionales","category-noticias","tag-conflictos","tag-geopolitica","tag-hinduismo","tag-india","tag-merida","tag-migraciones","tag-religion","tag-rohingya","tag-ula"],"jetpack_featured_media_url":"https:\/\/i0.wp.com\/aladaa.com.ar\/asiayafrica\/wp-content\/uploads\/2018\/05\/ula.jpg?fit=384%2C138&ssl=1","jetpack_sharing_enabled":true,"jetpack_shortlink":"https:\/\/wp.me\/p9LsG3-nh","jetpack_likes_enabled":true,"jetpack-related-posts":[{"id":919,"url":"http:\/\/aladaa.com.ar\/asiayafrica\/conferencia-el-rol-de-la-religion-en-medio-oriente-unc\/","url_meta":{"origin":1443,"position":0},"title":"Conferencia: El rol de la religi\u00f3n en Medio Oriente  (UNC)","author":"AladaaAr","date":"25\/09\/2017","format":false,"excerpt":"El Programa de Estudios sobre Medio Oriente, Centro de Estudios Avanzados (CEA), Facultad de Ciencias Sociales (FCS), Universidad Nacional de C\u00f3rdoba (UNC) y el Instituto Acad\u00e9mico Pedag\u00f3gico, Universidad Nacional de Villa Mar\u00eda (UNVM) invitan a la Conferencia: \"El rol de la religi\u00f3n en Medio Oriente \u00bfEs el Islam un factor\u2026","rel":"","context":"En &quot;Nacionales&quot;","block_context":{"text":"Nacionales","link":"http:\/\/aladaa.com.ar\/asiayafrica\/category\/nacionales\/"},"img":{"alt_text":"Conferencia - El rol de la religi\u00f3n en Medio Oriente - 28-09 - 17 hs. UNVM (Sede C\u00f3rdoba)","src":"https:\/\/i0.wp.com\/aladaa.com.ar\/asiayafrica\/wp-content\/uploads\/2017\/09\/Conferencia-El-rol-de-la-religi%C3%B3n-en-Medio-Oriente-28-09-17-hs.-UNVM-Sede-C%C3%B3rdoba-180x300.jpg?resize=350%2C200","width":350,"height":200},"classes":[]},{"id":1551,"url":"http:\/\/aladaa.com.ar\/asiayafrica\/taller-conflictos-y-transformacion-social-en-medio-oriente-espacio-tiempo-caba\/","url_meta":{"origin":1443,"position":1},"title":"Taller: Conflictos y transformaci\u00f3n social en Medio Oriente, Espacio Tiempo, CABA","author":"AladaaAr","date":"19\/07\/2018","format":false,"excerpt":"Taller: Conflictos y transformaci\u00f3n social en Medio Oriente Por Carolina Bracco Duraci\u00f3n: 12 horas total. 1 encuentro semanal de 3hs, 4 encuentros. Inicio: martes 7 de agosto, desde las 18 hasta las 21 hs. Fin: martes 28 de agosto. Valor: $ 1500 \/ 50% de descuento para socias y socios.\u2026","rel":"","context":"En &quot;Nacionales&quot;","block_context":{"text":"Nacionales","link":"http:\/\/aladaa.com.ar\/asiayafrica\/category\/nacionales\/"},"img":{"alt_text":"","src":"https:\/\/i0.wp.com\/aladaa.com.ar\/asiayafrica\/wp-content\/uploads\/2018\/07\/Tiempo_Islam-300x283.jpg?resize=350%2C200","width":350,"height":200},"classes":[]},{"id":2120,"url":"http:\/\/aladaa.com.ar\/asiayafrica\/primeras-jornadas-de-estudios-eurasiaticos\/","url_meta":{"origin":1443,"position":2},"title":"Primeras Jornadas de Estudios Eurasi\u00e1ticos","author":"AladaaAr","date":"26\/06\/2025","format":false,"excerpt":"M\u00e1s info y enlaces al Zoom en https:\/\/www.iri.edu.ar\/index.php\/2025\/04\/25\/primeras-jornadas-de-estudios-eurasiaticos\/ El Departamento de Eurasia del Instituto de Relaciones Internacionales junto al Centro de Estudios del Sudeste Asi\u00e1tico, el Centro de Estudios Chinos, las C\u00e1tedras de India, Turqu\u00eda, Azerbaiy\u00e1n y Rusia del Instituto de Relaciones Internacionales (IRI-UNLP), el Consejo\u00a0 Latinoamericano de Ciencias Sociales\u2026","rel":"","context":"En &quot;Congresos&quot;","block_context":{"text":"Congresos","link":"http:\/\/aladaa.com.ar\/asiayafrica\/category\/congresos\/"},"img":{"alt_text":"","src":"https:\/\/i0.wp.com\/aladaa.com.ar\/asiayafrica\/wp-content\/uploads\/2025\/06\/aladaa_clacso.jpg?fit=952%2C952&ssl=1&resize=350%2C200","width":350,"height":200,"srcset":"https:\/\/i0.wp.com\/aladaa.com.ar\/asiayafrica\/wp-content\/uploads\/2025\/06\/aladaa_clacso.jpg?fit=952%2C952&ssl=1&resize=350%2C200 1x, https:\/\/i0.wp.com\/aladaa.com.ar\/asiayafrica\/wp-content\/uploads\/2025\/06\/aladaa_clacso.jpg?fit=952%2C952&ssl=1&resize=525%2C300 1.5x, https:\/\/i0.wp.com\/aladaa.com.ar\/asiayafrica\/wp-content\/uploads\/2025\/06\/aladaa_clacso.jpg?fit=952%2C952&ssl=1&resize=700%2C400 2x"},"classes":[]},{"id":563,"url":"http:\/\/aladaa.com.ar\/asiayafrica\/convocatoria-contra-relatos-desde-el-sur\/","url_meta":{"origin":1443,"position":3},"title":"Convocatoria Contra | Relatos desde el Sur","author":"AladaaAr","date":"23\/08\/2016","format":false,"excerpt":"CONTRA | RELATOS desde el Sur Apuntes sobre \u00c1frica y Medio\u00a0 Oriente Convoca a presentaci\u00f3n\u00a0 de art\u00edculos in\u00e9ditos y\u00a0 rese\u00f1as\u00a0 para su pr\u00f3xima\u00a0 edici\u00f3n A\u00f1o XII,\u00a0 N\u00b0 14, diciembre 2016. CONTRA | RELATOS desde el Sur es\u00a0 una publicaci\u00f3n semestral del Programa de Estudios\u00a0 Africanos y del Programa de\u00a0 Estudios\u2026","rel":"","context":"En &quot;Nacionales&quot;","block_context":{"text":"Nacionales","link":"http:\/\/aladaa.com.ar\/asiayafrica\/category\/nacionales\/"},"img":{"alt_text":"","src":"","width":0,"height":0},"classes":[]},{"id":1144,"url":"http:\/\/aladaa.com.ar\/asiayafrica\/contra-relatos-desde-el-sur-apuntes-sobre-africa-y-medio-oriente\/","url_meta":{"origin":1443,"position":4},"title":"CONTRA | RELATOS desde el Sur Apuntes sobre \u00c1frica y Medio Oriente","author":"AladaaAr","date":"21\/03\/2018","format":false,"excerpt":"CONTRA | RELATOS desde el Sur Apuntes sobre \u00c1frica y Medio Oriente convoca a presentar art\u00edculos in\u00e9ditos y rese\u00f1as para su pr\u00f3xima edici\u00f3n A\u00f1o XIV, N\u00b0 17, julio de 2018 CONTRA | RELATOS desde el Sur (ISSN 2525-2011) es una publicaci\u00f3n digital de acceso abierto y periodicidad semestral del Programa\u2026","rel":"","context":"En &quot;Nacionales&quot;","block_context":{"text":"Nacionales","link":"http:\/\/aladaa.com.ar\/asiayafrica\/category\/nacionales\/"},"img":{"alt_text":"","src":"https:\/\/i0.wp.com\/aladaa.com.ar\/asiayafrica\/wp-content\/uploads\/2018\/03\/homepageImage_es_ES.jpg?fit=846%2C420&ssl=1&resize=350%2C200","width":350,"height":200,"srcset":"https:\/\/i0.wp.com\/aladaa.com.ar\/asiayafrica\/wp-content\/uploads\/2018\/03\/homepageImage_es_ES.jpg?fit=846%2C420&ssl=1&resize=350%2C200 1x, https:\/\/i0.wp.com\/aladaa.com.ar\/asiayafrica\/wp-content\/uploads\/2018\/03\/homepageImage_es_ES.jpg?fit=846%2C420&ssl=1&resize=525%2C300 1.5x, https:\/\/i0.wp.com\/aladaa.com.ar\/asiayafrica\/wp-content\/uploads\/2018\/03\/homepageImage_es_ES.jpg?fit=846%2C420&ssl=1&resize=700%2C400 2x"},"classes":[]},{"id":366,"url":"http:\/\/aladaa.com.ar\/asiayafrica\/apuntes-sobre-africa-y-medio-oriente\/","url_meta":{"origin":1443,"position":5},"title":"Apuntes sobre \u00c1frica y Medio Oriente","author":"AladaaAr","date":"20\/04\/2016","format":false,"excerpt":"CONTRA | RELATOS desde el Sur \u00a0Apuntes\u00a0 sobre \u00c1frica y Medio Oriente Convoca a presentaci\u00f3n de art\u00edculos in\u00e9ditos y rese\u00f1as para\u00a0 su pr\u00f3xima edici\u00f3n A\u00f1o XII, N\u00b0 13, julio\u00a0 2016. CONTRA | RELATOS desde el Sur es una publicaci\u00f3n anual del Programa de Estudios Africanos y\u00a0 del Programa de\u00a0 Estudios\u2026","rel":"","context":"En &quot;Nacionales&quot;","block_context":{"text":"Nacionales","link":"http:\/\/aladaa.com.ar\/asiayafrica\/category\/nacionales\/"},"img":{"alt_text":"","src":"","width":0,"height":0},"classes":[]}],"_links":{"self":[{"href":"http:\/\/aladaa.com.ar\/asiayafrica\/wp-json\/wp\/v2\/posts\/1443","targetHints":{"allow":["GET"]}}],"collection":[{"href":"http:\/\/aladaa.com.ar\/asiayafrica\/wp-json\/wp\/v2\/posts"}],"about":[{"href":"http:\/\/aladaa.com.ar\/asiayafrica\/wp-json\/wp\/v2\/types\/post"}],"author":[{"embeddable":true,"href":"http:\/\/aladaa.com.ar\/asiayafrica\/wp-json\/wp\/v2\/users\/1"}],"replies":[{"embeddable":true,"href":"http:\/\/aladaa.com.ar\/asiayafrica\/wp-json\/wp\/v2\/comments?post=1443"}],"version-history":[{"count":2,"href":"http:\/\/aladaa.com.ar\/asiayafrica\/wp-json\/wp\/v2\/posts\/1443\/revisions"}],"predecessor-version":[{"id":1447,"href":"http:\/\/aladaa.com.ar\/asiayafrica\/wp-json\/wp\/v2\/posts\/1443\/revisions\/1447"}],"wp:featuredmedia":[{"embeddable":true,"href":"http:\/\/aladaa.com.ar\/asiayafrica\/wp-json\/wp\/v2\/media\/1446"}],"wp:attachment":[{"href":"http:\/\/aladaa.com.ar\/asiayafrica\/wp-json\/wp\/v2\/media?parent=1443"}],"wp:term":[{"taxonomy":"category","embeddable":true,"href":"http:\/\/aladaa.com.ar\/asiayafrica\/wp-json\/wp\/v2\/categories?post=1443"},{"taxonomy":"post_tag","embeddable":true,"href":"http:\/\/aladaa.com.ar\/asiayafrica\/wp-json\/wp\/v2\/tags?post=1443"}],"curies":[{"name":"wp","href":"https:\/\/api.w.org\/{rel}","templated":true}]}}