{"id":1441,"date":"2018-05-24T12:05:13","date_gmt":"2018-05-24T15:05:13","guid":{"rendered":"http:\/\/aladaa.com.ar\/asiayafrica\/?p=1441"},"modified":"2018-05-24T12:05:13","modified_gmt":"2018-05-24T15:05:13","slug":"cuarto-seminario-internacional-america-latina-y-el-caribe-y-china","status":"publish","type":"post","link":"http:\/\/aladaa.com.ar\/asiayafrica\/cuarto-seminario-internacional-america-latina-y-el-caribe-y-china\/","title":{"rendered":"Cuarto Seminario Internacional America Latina y el Caribe y China"},"content":{"rendered":"<div>\n<p><b>El Cechimex invita a todos los interesados a registrarse para asistir al <span style=\"color: #cc0000;\"><br \/>\n<\/span><\/b><\/p>\n<p><b><span style=\"color: #cc0000;\">CUARTO SEMINARIO INTERNACIONAL &#8220;AM\u00c9RICA LATINA Y EL CARIBE Y CHINA: CONDICIONES Y RETOS PARA EL SIGLO XXI&#8221;<\/span><br \/>\n<\/b><\/p>\n<p><b>del 28-30 de mayo de 2018 y a llevarse a cabo en la UNAM.<br \/>\n<\/b><\/p>\n<p><b>Contaremos con un distinguido grupo de ponentes magistrales y m\u00e1s de 110 ponencias en los 4 campos tem\u00e1ticos de la RED ACAD\u00c9MICA DE AM\u00c9RICA LATINA Y EL CARIBE SOBRE CHINA:<br \/>\n<\/b><\/p>\n<ul>\n<li><span style=\"color: #000099;\"><b>Econom\u00eda,<br \/>\n<\/b><\/span><\/li>\n<li><span style=\"color: #000099;\"><b>Relaciones pol\u00edticas,<br \/>\n<\/b><\/span><\/li>\n<li><span style=\"color: #000099;\"><b>Recursos naturales e<br \/>\n<\/b><\/span><\/li>\n<li><b><span style=\"color: #000099;\">Historia, Cultura y aprendizaje del chino.<\/span><br \/>\n<\/b><\/li>\n<\/ul>\n<p><b>Los invitamos mucho a registrarse <a href=\"http:\/\/www.redalc-china.org\/v21\/es-es\/?option=com_content&amp;view=article&amp;id=70\" target=\"_blank\" rel=\"noopener\" data-saferedirecturl=\"https:\/\/www.google.com\/url?hl=es&amp;q=http:\/\/www.redalc-china.org\/v21\/es-es\/?option%3Dcom_content%26view%3Darticle%26id%3D70&amp;source=gmail&amp;ust=1527259516128000&amp;usg=AFQjCNG_-cPCrvZ2we4T1sA_9LuAE1snSQ\">aqu\u00ed<\/a> al evento (gratuito).<\/b><\/p>\n<p><b>Se trata de uno de los eventos m\u00e1s relevantes sobre China en Am\u00e9rica Latina y el Caribe, NO FALTES !!!<br \/>\n<\/b><\/p>\n<p><b>Muchas gracias por su inter\u00e9s y difusi\u00f3n, saludos, enrique dussel peters<\/b><\/p>\n<p><b>Dr. Enrique Dussel Peters<br \/>\nProfesor \/ Posgrado en Econom\u00eda<br \/>\nCoordinador Centro de Estudios China-M\u00e9xico<br \/>\n(<a href=\"http:\/\/dusselpeters.com\" target=\"_blank\" rel=\"noopener\" data-saferedirecturl=\"https:\/\/www.google.com\/url?hl=es&amp;q=http:\/\/dusselpeters.com&amp;source=gmail&amp;ust=1527259516128000&amp;usg=AFQjCNGI5esUj3iKKt1c6K24CZUINaQd1Q\">dusselpeters.com<\/a>) <\/b><\/p>\n<pre class=\"m_-3038126800526230017m_3338863376559940531moz-signature\">-- \r\nCechimex\r\nCentro de Estudios China-M\u00e9xico\r\nFacultad de Econom\u00eda, UNAM CU\r\n56 22 21 95\r\n<a class=\"m_-3038126800526230017m_3338863376559940531moz-txt-link-freetext\" href=\"http:\/\/www.economia.unam.mx\/cechimex\" target=\"_blank\" rel=\"noopener\" data-saferedirecturl=\"https:\/\/www.google.com\/url?hl=es&amp;q=http:\/\/www.economia.unam.mx\/cechimex&amp;source=gmail&amp;ust=1527259516128000&amp;usg=AFQjCNEl_Wc2K3DXPTfNkxBuwCDLa5QPrw\">http:\/\/www.economia.unam.mx\/ce<wbr \/>chimex<\/a>\r\n\r\nVis\u00edtanos en Facebook:\r\n             <a class=\"m_-3038126800526230017m_3338863376559940531moz-txt-link-freetext\" href=\"https:\/\/www.facebook.com\/Cechimex.FE.UNAM\" target=\"_blank\" rel=\"noopener\" data-saferedirecturl=\"https:\/\/www.google.com\/url?hl=es&amp;q=https:\/\/www.facebook.com\/Cechimex.FE.UNAM&amp;source=gmail&amp;ust=1527259516128000&amp;usg=AFQjCNFv3uklaRBezd371Evjiax9l3cngQ\">https:\/\/www.facebook.com\/Cechi<wbr \/>mex.FE.UNAM<\/a>\r\n             <a class=\"m_-3038126800526230017m_3338863376559940531moz-txt-link-freetext\" href=\"https:\/\/www.facebook.com\/cuadchmx\" target=\"_blank\" rel=\"noopener\" data-saferedirecturl=\"https:\/\/www.google.com\/url?hl=es&amp;q=https:\/\/www.facebook.com\/cuadchmx&amp;source=gmail&amp;ust=1527259516128000&amp;usg=AFQjCNGsxqlxhwBwrqXg9z8rRySJEmCGjw\">https:\/\/www.facebook.com\/cuadc<wbr \/>hmx<\/a>\r\n         En Twitter:\r\n              <a class=\"m_-3038126800526230017m_3338863376559940531moz-txt-link-freetext\" href=\"https:\/\/twitter.com\/Cechimex_UNAM\" target=\"_blank\" rel=\"noopener\" data-saferedirecturl=\"https:\/\/www.google.com\/url?hl=es&amp;q=https:\/\/twitter.com\/Cechimex_UNAM&amp;source=gmail&amp;ust=1527259516128000&amp;usg=AFQjCNGVFzFHuWlyIIftpk0g7X3JB6n-fg\">https:\/\/twitter.com\/Cechimex_U<wbr \/>NAM<\/a>\r\nEn Youtube:\r\n              @Centro de Estudios China-M\u00e9xico FE UNAM<\/pre>\n<\/div>\n","protected":false},"excerpt":{"rendered":"<p>El Cechimex invita a todos los interesados a registrarse para asistir al CUARTO SEMINARIO INTERNACIONAL &#8220;AM\u00c9RICA LATINA Y EL CARIBE Y CHINA: CONDICIONES Y RETOS PARA EL SIGLO XXI&#8221; del 28-30 de mayo de 2018 y a llevarse a cabo en la UNAM. Contaremos con&hellip; <br \/><a class=\"more-link\" href=\"http:\/\/aladaa.com.ar\/asiayafrica\/cuarto-seminario-internacional-america-latina-y-el-caribe-y-china\/\">Continue reading <span class=\"screen-reader-text\">Cuarto Seminario Internacional America Latina y el Caribe y China<\/span><\/a><\/p>\n","protected":false},"author":1,"featured_media":1286,"comment_status":"closed","ping_status":"open","sticky":false,"template":"","format":"standard","meta":{"_jetpack_newsletter_access":"","_jetpack_dont_email_post_to_subs":false,"_jetpack_newsletter_tier_id":0,"_jetpack_memberships_contains_paywalled_content":false,"_jetpack_memberships_contains_paid_content":false,"footnotes":""},"categories":[8,5],"tags":[26,51,10,11,35,83,21],"class_list":["post-1441","post","type-post","status-publish","format-standard","has-post-thumbnail","hentry","category-internacionales","category-noticias","tag-caribe","tag-cechimex","tag-china","tag-mexico","tag-politica","tag-seminario","tag-unam"],"jetpack_featured_media_url":"https:\/\/i0.wp.com\/aladaa.com.ar\/asiayafrica\/wp-content\/uploads\/2018\/04\/cechimex.png?fit=210%2C127&ssl=1","jetpack_sharing_enabled":true,"jetpack_shortlink":"https:\/\/wp.me\/p9LsG3-nf","jetpack_likes_enabled":true,"jetpack-related-posts":[{"id":422,"url":"http:\/\/aladaa.com.ar\/asiayafrica\/tercer-seminario-internacional-de-america-latina-y-el-caribe-china\/","url_meta":{"origin":1441,"position":0},"title":"Tercer Seminario Internacional de Am\u00e9rica Latina y el Caribe-China","author":"AladaaAr","date":"24\/05\/2016","format":false,"excerpt":"Estimados interesados en China: Por este medio nos permitimos invitarlos a asistir al Tercer Seminario Internacional de Am\u00e9rica Latina y el Caribe-China que se llevar\u00e1 a cabo el lunes 30 de mayo, martes\u00a0 30 de mayo y\u00a0 mi\u00e9rcoles 1 de junio de 2016. El Seminario organizado por la Red Acad\u00e9mica\u2026","rel":"","context":"En &quot;Internacionales&quot;","block_context":{"text":"Internacionales","link":"http:\/\/aladaa.com.ar\/asiayafrica\/category\/internacionales\/"},"img":{"alt_text":"","src":"","width":0,"height":0},"classes":[]},{"id":934,"url":"http:\/\/aladaa.com.ar\/asiayafrica\/los-4-tomos-de-america-latina-y-el-caribe-china-2017-unam\/","url_meta":{"origin":1441,"position":1},"title":"Los 4 tomos de Am\u00e9rica Latina y el Caribe-China 2017, UNAM","author":"AladaaAr","date":"04\/10\/2017","format":false,"excerpt":"Estimados amigos e interesados en China y la relaci\u00f3n M\u00e9xico-China: Por este medio les informamos sobre la pr\u00f3xima presentaci\u00f3n en el Ciclo de Conferencias del CECHIMEX titulada: Los 4 tomos de Am\u00e9rica Latina y el Caribe-China 2017: Econom\u00eda, comercio e inversi\u00f3n; Relaciones pol\u00edticas e internacionales; Recursos naturales y medio ambiente\u2026","rel":"","context":"En &quot;Internacionales&quot;","block_context":{"text":"Internacionales","link":"http:\/\/aladaa.com.ar\/asiayafrica\/category\/internacionales\/"},"img":{"alt_text":"","src":"","width":0,"height":0},"classes":[]},{"id":1068,"url":"http:\/\/aladaa.com.ar\/asiayafrica\/conf-monitor-de-la-ofdi-china-en-america-latina-y-el-caribe-2018-cechimex-unam\/","url_meta":{"origin":1441,"position":2},"title":"Conf. MONITOR DE LA OFDI CHINA EN AM\u00c9RICA LATINA Y EL CARIBE 2018, Cechimex, UNAM","author":"AladaaAr","date":"20\/03\/2018","format":false,"excerpt":"Estimados amigos e interesados en China y la relaci\u00f3n M\u00e9xico-China: Por este medio les informamos que el Ciclo de Conferencias del Cechimex ofrecer\u00e1 la conferencia \"MONITOR DE LA OFDI CHINA EN AM\u00c9RICA LATINA Y EL CARIBE 2018\" impartida por el DR. ENRIQUE DUSSEL PETERS el mi\u00e9rcoles 21 DE MARZO a\u2026","rel":"","context":"En &quot;Internacionales&quot;","block_context":{"text":"Internacionales","link":"http:\/\/aladaa.com.ar\/asiayafrica\/category\/internacionales\/"},"img":{"alt_text":"","src":"","width":0,"height":0},"classes":[]},{"id":944,"url":"http:\/\/aladaa.com.ar\/asiayafrica\/lengua-cultura-y-soft-power-la-proyeccion-internacional-de-china-mx\/","url_meta":{"origin":1441,"position":3},"title":"LENGUA, CULTURA Y SOFT POWER: LA PROYECCI\u00d3N INTERNACIONAL DE CHINA. Mx","author":"AladaaAr","date":"23\/10\/2017","format":false,"excerpt":"Estimados amigos e interesados en China y la relaci\u00f3n M\u00e9xico-China: Por este medio les informamos sobre la pr\u00f3xima presentaci\u00f3n en el Ciclo de Conferencias del CECHIMEX titulada: LENGUA, CULTURA Y SOFT POWER: LA PROYECCI\u00d3N INTERNACIONAL DE CHINA. e impartida por LI CHENG el mi\u00e9rcoles 25 de octubre a las 10am.\u2026","rel":"","context":"En &quot;Internacionales&quot;","block_context":{"text":"Internacionales","link":"http:\/\/aladaa.com.ar\/asiayafrica\/category\/internacionales\/"},"img":{"alt_text":"","src":"","width":0,"height":0},"classes":[]},{"id":922,"url":"http:\/\/aladaa.com.ar\/asiayafrica\/conferencia-conferencias-del-cechimex-titulada-como-registrar-una-empresa-en-china-para-realizar-operaciones-de-comercio-exterior-mx\/","url_meta":{"origin":1441,"position":4},"title":"Conferencia: Conferencias del CECHIMEX titulada:  \u00bfC\u00f3mo registrar una empresa en China para realizar operaciones de comercio exterior (Mx)","author":"AladaaAr","date":"25\/09\/2017","format":false,"excerpt":"Estimados amigos e interesados en China y la relaci\u00f3n M\u00e9xico-China: Por este medio les recordamos sobre la pr\u00f3xima presentaci\u00f3n en el Ciclo de Conferencias del CECHIMEX titulada: \u00bfC\u00f3mo registrar una empresa en China para realizar operaciones de comercio exterior? e impartida por MARIO LEAL CAMPOS el mi\u00e9rcoles 27 de septiembre\u2026","rel":"","context":"En &quot;Internacionales&quot;","block_context":{"text":"Internacionales","link":"http:\/\/aladaa.com.ar\/asiayafrica\/category\/internacionales\/"},"img":{"alt_text":"","src":"","width":0,"height":0},"classes":[]},{"id":349,"url":"http:\/\/aladaa.com.ar\/asiayafrica\/hong-kong-la-puerta-de-entrada-al-mercado-de-asia\/","url_meta":{"origin":1441,"position":5},"title":"Hong Kong, la puerta de entrada al mercado de Asia","author":"AladaaAr","date":"12\/04\/2016","format":false,"excerpt":"Estimados amigos e interesados en China y la relaci\u00f3n M\u00e9xico-China: Por este medio los invitamos a participar en la conferencia \"HONG KONG: LA PUERTA DE ENTRADA AL MERCADO DE ASIA\" impartida por la Lic. Amapola Grijalva Vega el mi\u00e9rcoles 20 de abril a las 10am. El evento se llevar\u00e1 a\u2026","rel":"","context":"En &quot;Internacionales&quot;","block_context":{"text":"Internacionales","link":"http:\/\/aladaa.com.ar\/asiayafrica\/category\/internacionales\/"},"img":{"alt_text":"","src":"","width":0,"height":0},"classes":[]}],"_links":{"self":[{"href":"http:\/\/aladaa.com.ar\/asiayafrica\/wp-json\/wp\/v2\/posts\/1441","targetHints":{"allow":["GET"]}}],"collection":[{"href":"http:\/\/aladaa.com.ar\/asiayafrica\/wp-json\/wp\/v2\/posts"}],"about":[{"href":"http:\/\/aladaa.com.ar\/asiayafrica\/wp-json\/wp\/v2\/types\/post"}],"author":[{"embeddable":true,"href":"http:\/\/aladaa.com.ar\/asiayafrica\/wp-json\/wp\/v2\/users\/1"}],"replies":[{"embeddable":true,"href":"http:\/\/aladaa.com.ar\/asiayafrica\/wp-json\/wp\/v2\/comments?post=1441"}],"version-history":[{"count":1,"href":"http:\/\/aladaa.com.ar\/asiayafrica\/wp-json\/wp\/v2\/posts\/1441\/revisions"}],"predecessor-version":[{"id":1442,"href":"http:\/\/aladaa.com.ar\/asiayafrica\/wp-json\/wp\/v2\/posts\/1441\/revisions\/1442"}],"wp:featuredmedia":[{"embeddable":true,"href":"http:\/\/aladaa.com.ar\/asiayafrica\/wp-json\/wp\/v2\/media\/1286"}],"wp:attachment":[{"href":"http:\/\/aladaa.com.ar\/asiayafrica\/wp-json\/wp\/v2\/media?parent=1441"}],"wp:term":[{"taxonomy":"category","embeddable":true,"href":"http:\/\/aladaa.com.ar\/asiayafrica\/wp-json\/wp\/v2\/categories?post=1441"},{"taxonomy":"post_tag","embeddable":true,"href":"http:\/\/aladaa.com.ar\/asiayafrica\/wp-json\/wp\/v2\/tags?post=1441"}],"curies":[{"name":"wp","href":"https:\/\/api.w.org\/{rel}","templated":true}]}}