{"id":1426,"date":"2018-05-16T13:54:51","date_gmt":"2018-05-16T16:54:51","guid":{"rendered":"http:\/\/aladaa.com.ar\/asiayafrica\/?p=1426"},"modified":"2018-05-16T13:54:51","modified_gmt":"2018-05-16T16:54:51","slug":"xi-seminario-internacional-politicas-de-la-memoria-memorias-subalternas-memorias-rebeldes","status":"publish","type":"post","link":"http:\/\/aladaa.com.ar\/asiayafrica\/xi-seminario-internacional-politicas-de-la-memoria-memorias-subalternas-memorias-rebeldes\/","title":{"rendered":"XI Seminario Internacional Politicas de la Memoria. Memorias subalternas, memorias rebeldes"},"content":{"rendered":"<p class=\"entry-title\"><strong>Convocatoria XI SEMINARIO INTERNACIONAL POL\u00cdTICAS DE LA MEMORIA.<\/strong><\/p>\n<p class=\"entry-title\">Mesa <strong>Discutiendo la \u201cdesaparici\u00f3n\u201d: Memorias y luchas afrodescendientes hist\u00f3ricas y\u00a0contempor\u00e1neas<\/strong><\/p>\n<div class=\"entry-content\">\n<p><img data-recalc-dims=\"1\" decoding=\"async\" class=\"size-full wp-image-2872 alignleft\" src=\"https:\/\/geala.files.wordpress.com\/2018\/05\/ccmhc-logo.jpg?w=720\" sizes=\"(max-width: 320px) 100vw, 320px\" srcset=\"https:\/\/geala.files.wordpress.com\/2018\/05\/ccmhc-logo.jpg 320w, https:\/\/geala.files.wordpress.com\/2018\/05\/ccmhc-logo.jpg?w=150 150w, https:\/\/geala.files.wordpress.com\/2018\/05\/ccmhc-logo.jpg?w=300 300w\" alt=\"ccmhc-logo\" data-attachment-id=\"2872\" data-permalink=\"https:\/\/geala.wordpress.com\/2018\/05\/14\/convocatoria-xi-seminario-internacional-politicas-de-la-memoria-mesa-discutiendo-la-desaparicion-memorias-y-luchas-afrodescendientes-historicas-y-contemporaneas\/ccmhc-logo\/\" data-orig-file=\"https:\/\/geala.files.wordpress.com\/2018\/05\/ccmhc-logo.jpg?w=500\" data-orig-size=\"320,170\" data-comments-opened=\"1\" data-image-meta=\"{&quot;aperture&quot;:&quot;0&quot;,&quot;credit&quot;:&quot;&quot;,&quot;camera&quot;:&quot;&quot;,&quot;caption&quot;:&quot;&quot;,&quot;created_timestamp&quot;:&quot;0&quot;,&quot;copyright&quot;:&quot;&quot;,&quot;focal_length&quot;:&quot;0&quot;,&quot;iso&quot;:&quot;0&quot;,&quot;shutter_speed&quot;:&quot;0&quot;,&quot;title&quot;:&quot;&quot;,&quot;orientation&quot;:&quot;1&quot;}\" data-image-title=\"ccmhc-logo\" data-image-description=\"\" data-medium-file=\"https:\/\/geala.files.wordpress.com\/2018\/05\/ccmhc-logo.jpg?w=500?w=300\" data-large-file=\"https:\/\/geala.files.wordpress.com\/2018\/05\/ccmhc-logo.jpg?w=500?w=320\" \/><\/p>\n<p>XI SEMINARIO INTERNACIONAL POL\u00cdTICAS DE LA MEMORIA<\/p>\n<p><strong>Memorias subalternas, memorias rebeldes<\/strong><\/p>\n<p>4, 5 y 6 de Octubre de 2018<\/p>\n<p>Centro Cultural de la Memoria Haroldo Conti, Av. del Libertador 8151. Buenos Aires, Argentina<\/p>\n<p>Convocatoria para la presentaci\u00f3n\u00a0de <strong>res\u00famenes<\/strong> de ponencias. <strong>Fecha l\u00edmite<\/strong>: <strong>11 de junio de 2018. Env\u00edo a los mails de las coordinadoras<\/strong><\/p>\n<p><strong>EJE 5 MEMORIAS DE AFRODESCENDIENTESY DE AFRICANAS\/OS<\/strong><br \/>\n<strong>Mesa 20. Discutiendo la \u201cdesaparici\u00f3n\u201d: Memorias y luchas afrodescendientes hist\u00f3ricas y contempor\u00e1neas<\/strong><\/p>\n<p><strong>Coordinadoras<\/strong>:\u00a0Eva Lamborghini (<a href=\"mailto:lamborghinieva@yahoo.com.ar\">lamborghinieva@yahoo.com.ar<\/a>);\u00a0Mar\u00eda de Lourdes Ghidoli (<a href=\"mailto:marghidoli@gmail.com\">marghidoli@gmail.com<\/a>)<\/p>\n<p><strong>Fundamentaci\u00f3n<\/strong><\/p>\n<p>En el transcurso de las \u00faltimas d\u00e9cadas, los estudios Afrodescendientes en Argentina vienen conformando un campo de reflexi\u00f3n din\u00e1mico y en constante expansi\u00f3n. Desde distintas disciplinas de las ciencias sociales, una variedad de temas y per\u00edodos son abordados en un pa\u00eds donde hist\u00f3ricamente, y a\u00fan hoy, se ha invisibilizado y marginado simb\u00f3lica y materialmente la presencia afroargentina\/afrodescendiente, dando lugar a particulares imaginarios y pr\u00e1cticas de exclusi\u00f3n y racismo.<\/p>\n<p>Partiendo de la amplitud tem\u00e1tica y disciplinaria en este campo -e inaugurando una l\u00ednea de an\u00e1lisis sobre afrodescendencia y africanidad en el Seminario Internacional Pol\u00edticas de la Memoria-, la presente Mesa convoca trabajos contextualizados en distintos momentos hist\u00f3ricos y en la actualidad que problematicen la configuraci\u00f3n de relaciones entre identidades y construcciones de memorias afrodescendientes y africanas, as\u00ed como abordajes que articulen este eje con dimensiones de g\u00e9nero, pr\u00e1cticas culturales y art\u00edsticas, de organizaci\u00f3n social y lucha pol\u00edtica, derechos humanos del pasado y del presente, discriminaci\u00f3n, demandas sociales e interpelaci\u00f3n al Estado, im\u00e1genes y representaciones racializadas, entre otros cruces posibles.<\/p>\n<p>La mesa de trabajo apunta a contribuir de este modo a la reflexi\u00f3n sobre intersecciones (Afrodescendencia\/ Africanidad y Memoria) con especial potencial en el terreno de las demandas de reconocimiento cultural e inclusi\u00f3n e igualdad social en el presente.<\/p>\n<p>Mayor informaci\u00f3n sobre el XI Seminario Internacional Pol\u00edticas de la Memoria en:\u00a0<a title=\"segunda-circular-seminario-xi\" href=\"https:\/\/geala.files.wordpress.com\/2018\/05\/segunda-circular-seminario-xi.pdf\">segunda-circular-seminario-xi<\/a><\/p>\n<\/div>\n","protected":false},"excerpt":{"rendered":"<p>Convocatoria XI SEMINARIO INTERNACIONAL POL\u00cdTICAS DE LA MEMORIA. Mesa Discutiendo la \u201cdesaparici\u00f3n\u201d: Memorias y luchas afrodescendientes hist\u00f3ricas y\u00a0contempor\u00e1neas XI SEMINARIO INTERNACIONAL POL\u00cdTICAS DE LA MEMORIA Memorias subalternas, memorias rebeldes 4, 5 y 6 de Octubre de 2018 Centro Cultural de la Memoria Haroldo Conti, Av.&hellip; <br \/><a class=\"more-link\" href=\"http:\/\/aladaa.com.ar\/asiayafrica\/xi-seminario-internacional-politicas-de-la-memoria-memorias-subalternas-memorias-rebeldes\/\">Continue reading <span class=\"screen-reader-text\">XI Seminario Internacional Politicas de la Memoria. Memorias subalternas, memorias rebeldes<\/span><\/a><\/p>\n","protected":false},"author":1,"featured_media":1345,"comment_status":"closed","ping_status":"open","sticky":false,"template":"","format":"standard","meta":{"_jetpack_newsletter_access":"","_jetpack_dont_email_post_to_subs":false,"_jetpack_newsletter_tier_id":0,"_jetpack_memberships_contains_paywalled_content":false,"_jetpack_memberships_contains_paid_content":false,"footnotes":""},"categories":[7,5],"tags":[96,93,20,95,92,94],"class_list":["post-1426","post","type-post","status-publish","format-standard","has-post-thumbnail","hentry","category-nacionales","category-noticias","tag-africanidad","tag-afrodescendientes","tag-argentina","tag-conti","tag-geala","tag-memoria"],"jetpack_featured_media_url":"https:\/\/i0.wp.com\/aladaa.com.ar\/asiayafrica\/wp-content\/uploads\/2018\/04\/GEALA.png?fit=595%2C522&ssl=1","jetpack_sharing_enabled":true,"jetpack_shortlink":"https:\/\/wp.me\/p9LsG3-n0","jetpack_likes_enabled":true,"jetpack-related-posts":[{"id":1706,"url":"http:\/\/aladaa.com.ar\/asiayafrica\/memorias-subalternas-memorias-rebeldes-geala-en-el-conti\/","url_meta":{"origin":1426,"position":0},"title":"Memorias subalternas, memorias rebeldes. GEALA en el Conti","author":"AladaaAr","date":"04\/10\/2018","format":false,"excerpt":"XI Seminario Internacional Pol\u00edticas de la Memoria. 4, 5 y 6 de octubre. CC de la Memoria Haroldo Conti. Av. del Libertador 8151, CABA. \u00a0 https:\/\/geala.wordpress.com\/2018\/10\/02\/mesa-20-memorias-de-afrodescendientes-y-de-africanas-os-xi-seminario-politicas-de-la-memoria\/","rel":"","context":"En &quot;Nacionales&quot;","block_context":{"text":"Nacionales","link":"http:\/\/aladaa.com.ar\/asiayafrica\/category\/nacionales\/"},"img":{"alt_text":"","src":"https:\/\/i0.wp.com\/aladaa.com.ar\/asiayafrica\/wp-content\/uploads\/2018\/04\/GEALA.png?fit=595%2C522&ssl=1&resize=350%2C200","width":350,"height":200,"srcset":"https:\/\/i0.wp.com\/aladaa.com.ar\/asiayafrica\/wp-content\/uploads\/2018\/04\/GEALA.png?fit=595%2C522&ssl=1&resize=350%2C200 1x, https:\/\/i0.wp.com\/aladaa.com.ar\/asiayafrica\/wp-content\/uploads\/2018\/04\/GEALA.png?fit=595%2C522&ssl=1&resize=525%2C300 1.5x"},"classes":[]},{"id":1567,"url":"http:\/\/aladaa.com.ar\/asiayafrica\/humanidades-digitales-y-estudios-afrodescendientes-en-argentina\/","url_meta":{"origin":1426,"position":1},"title":"Humanidades Digitales y Estudios Afrodescendientes en Argentina","author":"AladaaAr","date":"29\/07\/2018","format":false,"excerpt":"El GEALA - Grupo de Estudios Afrolatinoamericanos presenta la charla: \"Humanidades digitales y estudios afrodescendientes en Argentina\" a cargo de Marisol Fila (Universidad de Michigan, EEUU). Jueves 2 de agosto, 16:00. Instituto Ravignani (UBA). Sala de Investigador_s. 25 de Mayo 221, piso 2. CABA. Esta presentaci\u00f3n propone analizar el uso\u2026","rel":"","context":"En &quot;Nacionales&quot;","block_context":{"text":"Nacionales","link":"http:\/\/aladaa.com.ar\/asiayafrica\/category\/nacionales\/"},"img":{"alt_text":"","src":"https:\/\/i0.wp.com\/aladaa.com.ar\/asiayafrica\/wp-content\/uploads\/2018\/04\/GEALA.png?fit=595%2C522&ssl=1&resize=350%2C200","width":350,"height":200,"srcset":"https:\/\/i0.wp.com\/aladaa.com.ar\/asiayafrica\/wp-content\/uploads\/2018\/04\/GEALA.png?fit=595%2C522&ssl=1&resize=350%2C200 1x, https:\/\/i0.wp.com\/aladaa.com.ar\/asiayafrica\/wp-content\/uploads\/2018\/04\/GEALA.png?fit=595%2C522&ssl=1&resize=525%2C300 1.5x"},"classes":[]},{"id":1441,"url":"http:\/\/aladaa.com.ar\/asiayafrica\/cuarto-seminario-internacional-america-latina-y-el-caribe-y-china\/","url_meta":{"origin":1426,"position":2},"title":"Cuarto Seminario Internacional America Latina y el Caribe y China","author":"AladaaAr","date":"24\/05\/2018","format":false,"excerpt":"El Cechimex invita a todos los interesados a registrarse para asistir al CUARTO SEMINARIO INTERNACIONAL \"AM\u00c9RICA LATINA Y EL CARIBE Y CHINA: CONDICIONES Y RETOS PARA EL SIGLO XXI\" del 28-30 de mayo de 2018 y a llevarse a cabo en la UNAM. Contaremos con un distinguido grupo de ponentes\u2026","rel":"","context":"En &quot;Internacionales&quot;","block_context":{"text":"Internacionales","link":"http:\/\/aladaa.com.ar\/asiayafrica\/category\/internacionales\/"},"img":{"alt_text":"","src":"","width":0,"height":0},"classes":[]},{"id":1615,"url":"http:\/\/aladaa.com.ar\/asiayafrica\/ii-jornadas-de-culturas-afroamericanas-identidad-y-cultura-untref\/","url_meta":{"origin":1426,"position":3},"title":"II Jornadas de Culturas Afroamericanas Identidad y Cultura, UNTREF","author":"AladaaAr","date":"22\/08\/2018","format":false,"excerpt":"II Jornadas de Culturas Afroamericanas Identidad y Cultura El objetivo de estas jornadas es visibilizar las distintas acciones que vienen realizando las organizaciones que militan por los derechos humanos de los afrodescendientes en el territorio argentino. Adem\u00e1s, se procura articular las actividades de investigaci\u00f3n y difusi\u00f3n acad\u00e9micas sobre las culturas\u2026","rel":"","context":"En &quot;Nacionales&quot;","block_context":{"text":"Nacionales","link":"http:\/\/aladaa.com.ar\/asiayafrica\/category\/nacionales\/"},"img":{"alt_text":"","src":"https:\/\/i0.wp.com\/aladaa.com.ar\/asiayafrica\/wp-content\/uploads\/2018\/08\/IIJornadaAfroUntref-300x169.png?resize=350%2C200","width":350,"height":200},"classes":[]},{"id":422,"url":"http:\/\/aladaa.com.ar\/asiayafrica\/tercer-seminario-internacional-de-america-latina-y-el-caribe-china\/","url_meta":{"origin":1426,"position":4},"title":"Tercer Seminario Internacional de Am\u00e9rica Latina y el Caribe-China","author":"AladaaAr","date":"24\/05\/2016","format":false,"excerpt":"Estimados interesados en China: Por este medio nos permitimos invitarlos a asistir al Tercer Seminario Internacional de Am\u00e9rica Latina y el Caribe-China que se llevar\u00e1 a cabo el lunes 30 de mayo, martes\u00a0 30 de mayo y\u00a0 mi\u00e9rcoles 1 de junio de 2016. El Seminario organizado por la Red Acad\u00e9mica\u2026","rel":"","context":"En &quot;Internacionales&quot;","block_context":{"text":"Internacionales","link":"http:\/\/aladaa.com.ar\/asiayafrica\/category\/internacionales\/"},"img":{"alt_text":"","src":"","width":0,"height":0},"classes":[]},{"id":764,"url":"http:\/\/aladaa.com.ar\/asiayafrica\/proyecto-de-investigacion-mujeres-afrodescendientes-en-la-argentina\/","url_meta":{"origin":1426,"position":5},"title":"Proyecto de investigaci\u00f3n Mujeres Afrodescendientes en la Argentina","author":"AladaaAr","date":"05\/04\/2017","format":false,"excerpt":"La Asociaci\u00f3n de Mujeres Afrodescendientes en la Argentina TES-Todo en Sepia y GEALA-Grupo de Estudios Afrolatinoamericanos (Instituto Ravignani, UBA-Conicet) invitan a la presentaci\u00f3n de los primeros resultados del Proyecto de investigaci\u00f3n Certificar Nuestra Existencia Este proyecto multidisciplinar, que incluye el teatro, la etnograf\u00eda y la investigaci\u00f3n cuantitativa, busca conocer la\u2026","rel":"","context":"En &quot;Nacionales&quot;","block_context":{"text":"Nacionales","link":"http:\/\/aladaa.com.ar\/asiayafrica\/category\/nacionales\/"},"img":{"alt_text":"","src":"http:\/\/geala.files.wordpress.com\/2017\/04\/certificar-nuestra-existencia.jpg?w=350&h=200&crop=1","width":350,"height":200},"classes":[]}],"_links":{"self":[{"href":"http:\/\/aladaa.com.ar\/asiayafrica\/wp-json\/wp\/v2\/posts\/1426","targetHints":{"allow":["GET"]}}],"collection":[{"href":"http:\/\/aladaa.com.ar\/asiayafrica\/wp-json\/wp\/v2\/posts"}],"about":[{"href":"http:\/\/aladaa.com.ar\/asiayafrica\/wp-json\/wp\/v2\/types\/post"}],"author":[{"embeddable":true,"href":"http:\/\/aladaa.com.ar\/asiayafrica\/wp-json\/wp\/v2\/users\/1"}],"replies":[{"embeddable":true,"href":"http:\/\/aladaa.com.ar\/asiayafrica\/wp-json\/wp\/v2\/comments?post=1426"}],"version-history":[{"count":1,"href":"http:\/\/aladaa.com.ar\/asiayafrica\/wp-json\/wp\/v2\/posts\/1426\/revisions"}],"predecessor-version":[{"id":1427,"href":"http:\/\/aladaa.com.ar\/asiayafrica\/wp-json\/wp\/v2\/posts\/1426\/revisions\/1427"}],"wp:featuredmedia":[{"embeddable":true,"href":"http:\/\/aladaa.com.ar\/asiayafrica\/wp-json\/wp\/v2\/media\/1345"}],"wp:attachment":[{"href":"http:\/\/aladaa.com.ar\/asiayafrica\/wp-json\/wp\/v2\/media?parent=1426"}],"wp:term":[{"taxonomy":"category","embeddable":true,"href":"http:\/\/aladaa.com.ar\/asiayafrica\/wp-json\/wp\/v2\/categories?post=1426"},{"taxonomy":"post_tag","embeddable":true,"href":"http:\/\/aladaa.com.ar\/asiayafrica\/wp-json\/wp\/v2\/tags?post=1426"}],"curies":[{"name":"wp","href":"https:\/\/api.w.org\/{rel}","templated":true}]}}